{"id":250224,"date":"2025-07-07T20:41:13","date_gmt":"2025-07-07T20:41:13","guid":{"rendered":"https:\/\/www.europesays.com\/de\/250224\/"},"modified":"2025-07-07T20:41:13","modified_gmt":"2025-07-07T20:41:13","slug":"fdp-verlaesst-roemer-koalition-nach-streit-ums-suchthilfezentrum","status":"publish","type":"post","link":"https:\/\/www.europesays.com\/de\/250224\/","title":{"rendered":"FDP verl\u00e4sst R\u00f6mer-Koalition nach Streit ums Suchthilfezentrum"},"content":{"rendered":"<p class=\"font-bold text-18 leading-17\">Nach der umstrittenen Abstimmung schien die T\u00fcr f\u00fcr die R\u00f6mer-Koalition noch einen Spalt weit offen. Nun ist klar: Die FDP beendet die Zusammenarbeit.<\/p>\n<p class=\"text-18 leading-17\">Nach der kontroversen Abstimmung \u00fcber das Crack-Suchthilfezentrum in Frankfurt hat die FDP die R\u00f6mer-Koalition mit SPD, Gr\u00fcnen und Volt verlassen. Das best\u00e4tigte der Frankfurter FDP-Chef Frank Maiwald t-online am Montagabend. Zuvor hatte die &#8222;Frankfurter Rundschau&#8220; dar\u00fcber berichtet.<\/p>\n<p class=\"text-18 leading-17\">Ausschlaggebend: Die Abstimmung f\u00fcr das Crack-Suchthilfezentrum mit Stimmen der Opposition <a class=\"transition-colors duration-200 cursor-pointer text-inherit no-underline text-salemsfur md:hover:text-magenta md:hover:border-magenta md:focus:text-magenta border-current border-b border-solid break-words\" href=\"https:\/\/frankfurt.t-online.de\/region\/frankfurt-am-main\/id_100803742\/frankfurt-crack-suchtzentrum-kommt-stadtverordnete-stimmen-dafuer.html\" data-sctrack=\"BodyAnchor\" target=\"_blank\" rel=\"noopener\">am vergangenen Donnerstag<\/a>. &#8222;Wir sehen die Entscheidung am Donnerstag als Bruch des Koalitionsvertrages durch die anderen drei Parteien&#8220;, sagte Maiwald.<\/p>\n<p class=\"text-18 leading-17\">Am Tag nach der Abstimmung hatte die FDP per Pressemitteilung erkl\u00e4rt, sie k\u00f6nne nicht &#8222;einfach zur Tagesordnung \u00fcbergehen&#8220;. F\u00fcr eine punktuelle Zusammenarbeit bis zur Kommunalwahl sei Maiwald aber weiterhin offen. Auch nach der Pressemitteilung waren die Koalitionspartner davon ausgegangen, dass die Zusammenarbeit weiterhin bestehe.<\/p>\n<p class=\"text-18 leading-17\">Burkhard Schwetje, Vorsitzender der Gr\u00fcnen in Frankfurt, best\u00e4tigt, dass die FDP am Montag ihren Austritt aus der Koalition erkl\u00e4rte. Die FDP habe per E-Mail mitgeteilt, nicht mehr an Koalitionsgespr\u00e4chen teilzunehmen. Sie stehe aber f\u00fcr Projekte zur Verf\u00fcgung, die eine &#8222;liberale Handschrift&#8220; tragen.<\/p>\n<p class=\"text-18 leading-17\">&#8222;Wir werden uns weiterhin leiten lassen von der Verpflichtung des Koalitionsvertrags&#8220;, sagte Schwetje. Die Mitglieder des Magistrats wechseln demnach nicht \u2013 die beiden hauptamtlichen FDP-Dezernentinnen Annette Rinn (Ordnung und Sicherheit) und Stephanie W\u00fcst (Wirtschaft) bleiben Teil der Stadtregierung.<\/p>\n<p class=\"text-18 leading-17\">Im Sinne der Gemeindeverfassung sei man zur Zusammenarbeit verpflichtet, betonte Schwetje. Zun\u00e4chst st\u00fcnden nun Gespr\u00e4che zwischen SPD, Gr\u00fcnen und Volt an. Die n\u00e4chsten Kommunalwahlen in Frankfurt finden im M\u00e4rz 2026 statt.<\/p>\n","protected":false},"excerpt":{"rendered":"Nach der umstrittenen Abstimmung schien die T\u00fcr f\u00fcr die R\u00f6mer-Koalition noch einen Spalt weit offen. Nun ist klar:&hellip;\n","protected":false},"author":2,"featured_media":250225,"comment_status":"","ping_status":"","sticky":false,"template":"","format":"standard","meta":{"footnotes":""},"categories":[1829],"tags":[12408,76924,29,187,76923,2050,2051,30687,30,2052,2512,184,7027,6508],"class_list":{"0":"post-250224","1":"post","2":"type-post","3":"status-publish","4":"format-standard","5":"has-post-thumbnail","7":"category-frankfurt-am-main","8":"tag-abstimmung","9":"tag-burkhard-schwetje","10":"tag-deutschland","11":"tag-fdp","12":"tag-frank-maiwald","13":"tag-frankfurt","14":"tag-frankfurt-am-main","15":"tag-frankfurter-rundschau","16":"tag-germany","17":"tag-hessen","18":"tag-opposition","19":"tag-spd","20":"tag-suchthilfezentrum","21":"tag-volt-partei"},"share_on_mastodon":{"url":"https:\/\/pubeurope.com\/@de\/114813893635097173","error":""},"_links":{"self":[{"href":"https:\/\/www.europesays.com\/de\/wp-json\/wp\/v2\/posts\/250224","targetHints":{"allow":["GET"]}}],"collection":[{"href":"https:\/\/www.europesays.com\/de\/wp-json\/wp\/v2\/posts"}],"about":[{"href":"https:\/\/www.europesays.com\/de\/wp-json\/wp\/v2\/types\/post"}],"author":[{"embeddable":true,"href":"https:\/\/www.europesays.com\/de\/wp-json\/wp\/v2\/users\/2"}],"replies":[{"embeddable":true,"href":"https:\/\/www.europesays.com\/de\/wp-json\/wp\/v2\/comments?post=250224"}],"version-history":[{"count":0,"href":"https:\/\/www.europesays.com\/de\/wp-json\/wp\/v2\/posts\/250224\/revisions"}],"wp:featuredmedia":[{"embeddable":true,"href":"https:\/\/www.europesays.com\/de\/wp-json\/wp\/v2\/media\/250225"}],"wp:attachment":[{"href":"https:\/\/www.europesays.com\/de\/wp-json\/wp\/v2\/media?parent=250224"}],"wp:term":[{"taxonomy":"category","embeddable":true,"href":"https:\/\/www.europesays.com\/de\/wp-json\/wp\/v2\/categories?post=250224"},{"taxonomy":"post_tag","embeddable":true,"href":"https:\/\/www.europesays.com\/de\/wp-json\/wp\/v2\/tags?post=250224"}],"curies":[{"name":"wp","href":"https:\/\/api.w.org\/{rel}","templated":true}]}}