{"id":250228,"date":"2025-07-07T20:43:09","date_gmt":"2025-07-07T20:43:09","guid":{"rendered":"https:\/\/www.europesays.com\/de\/250228\/"},"modified":"2025-07-07T20:43:09","modified_gmt":"2025-07-07T20:43:09","slug":"leserfrage-koeln-will-spielplatz-abschaffen-welche-krassen-faelle-von-steuerverschwendung-haben-sie-erlebt","status":"publish","type":"post","link":"https:\/\/www.europesays.com\/de\/250228\/","title":{"rendered":"Leserfrage: K\u00f6ln will \u201eSpielplatz\u201c abschaffen \u2013 Welche krassen F\u00e4lle von Steuerverschwendung haben Sie erlebt?"},"content":{"rendered":"<p class=\"is-first-paragraph\" data-external=\"Article.FirstParagraph\">Die geplante <a class=\"is-link c-block-items__link c-link--rich-text-renderer\" href=\"https:\/\/www.welt.de\/politik\/deutschland\/article256340400\/Koeln-Hauptstadt-der-Bekloppten-Guido-Cantz-spottet-ueber-Spielplatz-Debatte.html\" data-internal-tracking-enabled=\"true\" data-internal-tracking=\"{&quot;action&quot;:&quot;click&quot;,&quot;label&quot;:&quot;link&quot;,&quot;name&quot;:&quot;Inline Element&quot;,&quot;data&quot;:{&quot;source&quot;:&quot;&quot;,&quot;target&quot;:&quot;https:\/\/www.welt.de\/politik\/deutschland\/article256340400\/Koeln-Hauptstadt-der-Bekloppten-Guido-Cantz-spottet-ueber-Spielplatz-Debatte.html&quot;,&quot;trackingName&quot;:&quot;&quot;,&quot;trackingLabel&quot;:&quot;&quot;}}\" target=\"_blank\" rel=\"noopener\">Umbenennung von mehr als 700 Spielpl\u00e4tzen<\/a> in K\u00f6ln in \u201eSpiel- und Aktionsfl\u00e4chen\u201c sorgt derzeit f\u00fcr heftige Diskussionen. Neben der Frage, ob sich dadurch tats\u00e4chlich mehr Menschen angesprochen f\u00fchlen, der Inklusion also \u00fcberhaupt Rechnung getragen wird, sto\u00dfen vor allem die Kosten f\u00fcr die Aktion vielen sauer auf: 38.000 Euro stellt die Stadt f\u00fcr den Austausch der Schilder zur Verf\u00fcgung. Geld, das in den Augen der K\u00f6lner an anderer Stelle besser investiert w\u00e4re. <\/p>\n<p>Nur ein Beispiel f\u00fcr Geldverschwendung unter vielen. Weitere gef\u00e4llig? <\/p>\n<p>Im vergangenen Jahr flossen etwa knapp vier Millionen Euro in eine <a class=\"is-link c-block-items__link c-link--rich-text-renderer\" href=\"https:\/\/www.welt.de\/vermischtes\/article253787970\/Schleswig-Holstein-Solar-Faehre-fuer-vier-Millionen-Euro-wird-zum-Finanz-Fiasko.html\" data-internal-tracking-enabled=\"true\" data-internal-tracking=\"{&quot;action&quot;:&quot;click&quot;,&quot;label&quot;:&quot;link&quot;,&quot;name&quot;:&quot;Inline Element&quot;,&quot;data&quot;:{&quot;source&quot;:&quot;&quot;,&quot;target&quot;:&quot;https:\/\/www.welt.de\/vermischtes\/article253787970\/Schleswig-Holstein-Solar-Faehre-fuer-vier-Millionen-Euro-wird-zum-Finanz-Fiasko.html&quot;,&quot;trackingName&quot;:&quot;&quot;,&quot;trackingLabel&quot;:&quot;&quot;}}\" target=\"_blank\" rel=\"noopener\">Solarf\u00e4hre in Schleswig<\/a>, die bei Wind nicht anlegen kann. Ebenso viel Geld in eine Br\u00fccke bei Passau, die Flederm\u00e4usen einen sicheren Flug \u00fcber die Autobahn erm\u00f6glichen soll \u2013 ohne zu wissen, ob der Bau den Tieren zur Orientierung auch nutzt. Und in Hamburg explodieren derzeit die <a class=\"is-link c-block-items__link c-link--rich-text-renderer\" href=\"https:\/\/www.welt.de\/regionales\/hamburg\/article256283032\/haus-der-erde-pannen-bau-fuer-die-uni-hamburg-ein-solches-gebaeude-wird-sich-nicht-wiederholen.html\" data-internal-tracking-enabled=\"true\" data-internal-tracking=\"{&quot;action&quot;:&quot;click&quot;,&quot;label&quot;:&quot;link&quot;,&quot;name&quot;:&quot;Inline Element&quot;,&quot;data&quot;:{&quot;source&quot;:&quot;&quot;,&quot;target&quot;:&quot;https:\/\/www.welt.de\/regionales\/hamburg\/article256283032\/haus-der-erde-pannen-bau-fuer-die-uni-hamburg-ein-solches-gebaeude-wird-sich-nicht-wiederholen.html&quot;,&quot;trackingName&quot;:&quot;&quot;,&quot;trackingLabel&quot;:&quot;&quot;}}\" target=\"_blank\" rel=\"noopener\">Kosten f\u00fcr das \u201eHaus der Erde\u201c<\/a>, ein Forschungsgeb\u00e4ude der Universit\u00e4t, das statt der geplanten 177 Millionen Euro bereits 425 Millionen verschlungen hat.<\/p>\n<p>Wir wollen von Ihnen wissen: Welche krassen F\u00e4lle von Steuergeldverschwendung in Ihrer Stadt haben Sie pers\u00f6nlich erlebt? Erz\u00e4hlen Sie uns davon. Gern ver\u00f6ffentlichen wir dann Ihre Geschichte hier auf WELT.<\/p>\n<p><b>Schreiben Sie einfach eine E-Mail an das Postfach meinegeschichte@welt.de. <\/b><\/p>\n<p>Es w\u00e4re hilfreich, wenn Sie als Betreff der E-Mail \u201eSteuerverschwendung\u201c nennen und in der E-Mail neben Ihrem Erfahrungsbericht auch Ihren Namen, Ihr Alter und Ihren Wohnort mitteilen. Wenn Sie Ihre Erfahrung lieber anonym einreichen m\u00f6chten, lassen Sie Ihren Namen einfach weg.<\/p>\n<p>Indem Sie Ihre Geschichte mit uns teilen, gehen wir davon aus, dass sich die Situation so wie beschrieben zugetragen hat und Sie sich mit bestem Wissen und Gewissen an das Geschehene erinnern. Wir freuen uns auf Ihre Geschichte!<\/p>\n<p>Alle Leserfragen finden Sie unter \u201e<a class=\"is-link c-block-items__link c-link--rich-text-renderer\" href=\"https:\/\/www.welt.de\/vermischtes\/meine-geschichte\/\" data-internal-tracking-enabled=\"true\" data-internal-tracking=\"{&quot;action&quot;:&quot;click&quot;,&quot;label&quot;:&quot;link&quot;,&quot;name&quot;:&quot;Inline Element&quot;,&quot;data&quot;:{&quot;source&quot;:&quot;&quot;,&quot;target&quot;:&quot;https:\/\/www.welt.de\/vermischtes\/meine-geschichte\/&quot;,&quot;trackingName&quot;:&quot;&quot;,&quot;trackingLabel&quot;:&quot;&quot;}}\" target=\"_blank\" rel=\"noopener\">Meine Geschichte<\/a>\u201c.<\/p>\n","protected":false},"excerpt":{"rendered":"Die geplante Umbenennung von mehr als 700 Spielpl\u00e4tzen in K\u00f6ln in \u201eSpiel- und Aktionsfl\u00e4chen\u201c sorgt derzeit f\u00fcr heftige&hellip;\n","protected":false},"author":2,"featured_media":250229,"comment_status":"","ping_status":"","sticky":false,"template":"","format":"standard","meta":{"footnotes":""},"categories":[1828],"tags":[29,48979,30,1420,110,1209,76926,76925,76927],"class_list":{"0":"post-250228","1":"post","2":"type-post","3":"status-publish","4":"format-standard","5":"has-post-thumbnail","7":"category-koeln","8":"tag-deutschland","9":"tag-geld-ks","10":"tag-germany","11":"tag-koeln","12":"tag-newsteam","13":"tag-nordrhein-westfalen","14":"tag-oeffentliche-verschwendung-ks","15":"tag-steuern-ks","16":"tag-steuerverschwendung-ks"},"share_on_mastodon":{"url":"https:\/\/pubeurope.com\/@de\/114813901603799533","error":""},"_links":{"self":[{"href":"https:\/\/www.europesays.com\/de\/wp-json\/wp\/v2\/posts\/250228","targetHints":{"allow":["GET"]}}],"collection":[{"href":"https:\/\/www.europesays.com\/de\/wp-json\/wp\/v2\/posts"}],"about":[{"href":"https:\/\/www.europesays.com\/de\/wp-json\/wp\/v2\/types\/post"}],"author":[{"embeddable":true,"href":"https:\/\/www.europesays.com\/de\/wp-json\/wp\/v2\/users\/2"}],"replies":[{"embeddable":true,"href":"https:\/\/www.europesays.com\/de\/wp-json\/wp\/v2\/comments?post=250228"}],"version-history":[{"count":0,"href":"https:\/\/www.europesays.com\/de\/wp-json\/wp\/v2\/posts\/250228\/revisions"}],"wp:featuredmedia":[{"embeddable":true,"href":"https:\/\/www.europesays.com\/de\/wp-json\/wp\/v2\/media\/250229"}],"wp:attachment":[{"href":"https:\/\/www.europesays.com\/de\/wp-json\/wp\/v2\/media?parent=250228"}],"wp:term":[{"taxonomy":"category","embeddable":true,"href":"https:\/\/www.europesays.com\/de\/wp-json\/wp\/v2\/categories?post=250228"},{"taxonomy":"post_tag","embeddable":true,"href":"https:\/\/www.europesays.com\/de\/wp-json\/wp\/v2\/tags?post=250228"}],"curies":[{"name":"wp","href":"https:\/\/api.w.org\/{rel}","templated":true}]}}