{"id":250235,"date":"2025-07-07T20:47:37","date_gmt":"2025-07-07T20:47:37","guid":{"rendered":"https:\/\/www.europesays.com\/de\/250235\/"},"modified":"2025-07-07T20:47:37","modified_gmt":"2025-07-07T20:47:37","slug":"chaos-am-volksparkstadion-fans-in-panik","status":"publish","type":"post","link":"https:\/\/www.europesays.com\/de\/250235\/","title":{"rendered":"Chaos am Volksparkstadion \u2013 Fans in Panik"},"content":{"rendered":"<p>Konzerte am Wochenende <\/p>\n<p>Ed Sheeran in Hamburg: Fans berichten von dramatischen Szenen<\/p>\n<p>07.07.2025 &#8211; 19:26 UhrLesedauer: 2 Min.<\/p>\n<p><a href=\"#focus-0\" class=\"transition-colors duration-200 focus-within:text-magenta block text-current relative\" data-sctrack=\"FocusGalleryImage.Reference\"><img fetchpriority=\"high\" data-testid=\"Opener.Image\" style=\"--lqipURL:url('https:\/\/images.t-online.de\/2025\/07\/fUWC-iyVBN8H\/899x141:2644x1487\/fit-in\/150x0\/filters:blur(25)\/ed-sheeran-bei-einem-konzert-symbolfoto-nach-den-konzerten-in-hamburg-aeussern-sich-fans-kritisch.jpg')\"   loading=\"eager\" src=\"https:\/\/www.europesays.com\/de\/wp-content\/uploads\/2025\/07\/ed-sheeran-bei-einem-konzert-symbolfoto-nach-den-konzerten-in-hamburg-aeussern-sich-fans-kritisch.jp.jpeg\" alt=\"Ed Sheeran bei einem Konzert (Symbolfoto): Nach den Konzerten in Hamburg \u00e4u\u00dfern sich Fans kritisch.\" title=\"Ed Sheeran bei einem Konzert (Symbolfoto): Nach den Konzerten in Hamburg \u00e4u\u00dfern sich Fans kritisch.\" width=\"2644\" height=\"1487\" class=\"bg-[url:var(--lqipURL)] bg-cover bg-center flex h-full w-full max-w-full\" decoding=\"async\"\/><img style=\"--width:32;--height:32\" loading=\"lazy\" src=\"https:\/\/hamburg.t-online.de\/s\/paper\/_next\/static\/media\/zoom-in.f7dae02f.svg\" alt=\"Vergr\u00f6\u00dfern des Bildes\" title=\"Vergr\u00f6\u00dfern des Bildes\" class=\"block h-[calc(var(--height)_\/_16_*_1rem)] w-[calc(var(--width)_\/_16_*_1rem)] max-w-none absolute bottom-8 right-8 rounded-4 bg-snow p-8\" decoding=\"async\"\/><\/a><\/p>\n<p>Ed Sheeran bei einem Konzert (Symbolfoto): Nach den Auftritten in Hamburg \u00e4u\u00dfern sich Fans kritisch. (Quelle: IMAGO\/VANSTEENKISTE STEPHANE \/ BESTIMAGE\/imago)<\/p>\n<p class=\"font-bold text-18 leading-17\">Hamburger Konzertbesucher in Panik: Rund um das Volksparkstadion soll es nach den Ed-Sheeran-Konzerten zu bedrohlichen Vorf\u00e4llen gekommen sein.<\/p>\n<p class=\"text-18 leading-17\">Drei Konzerte, 180.000 Besucher, ein Verkehrschaos: Die Ed-Sheeran-Shows im Hamburger Volksparkstadion haben am vergangenen Wochenende offenbar <a class=\"transition-colors duration-200 cursor-pointer text-inherit no-underline text-salemsfur md:hover:text-magenta md:hover:border-magenta md:focus:text-magenta border-current border-b border-solid break-words\" href=\"https:\/\/hamburg.t-online.de\/region\/hamburg\/id_100800956\/hamburg-stau-chaos-durch-elbtunnel-sperrung-schlagermove-und-ed-sheeran.html\" data-sctrack=\"BodyAnchor\" rel=\"nofollow noopener\" target=\"_blank\">erneut die Infrastruktur-Probleme rund um die Arena offengelegt<\/a>. Laut dem NDR und dem &#8222;Abendblatt&#8220; soll es unter den Fans, die die Arena verlie\u00dfen, zu dramatischen Szenen gekommen sein.<\/p>\n<p class=\"text-18 leading-17\">Besonders dramatisch wurde es nach den Konzerten am Bahnhof Stellingen. Ein Konzertbesucher schilderte dem &#8222;Abendblatt&#8220;, wie er &#8222;in einem riesigen Pulk von in einer Sackgasse gefangener Menschen an der Busschleife vor dem Stadion&#8220; feststeckte.<\/p>\n<p class=\"text-18 leading-17\">Menschen seien panisch geworden und h\u00e4tten versucht, \u00fcber Absperrungen zu klettern, bevor sie von Polizei und Ordnern zur\u00fcckgedr\u00e4ngt wurden. Ein NDR-H\u00f6rer sprach von Szenen, die ihn an die Duisburger Trag\u00f6die bei der Loveparade von 2010 erinnert h\u00e4tten.<\/p>\n<p class=\"text-18 leading-17\">Die Polizeipressestelle best\u00e4tigte dem &#8222;Abendblatt&#8220; einen &#8222;erheblichen R\u00fcckstau&#8220; vor dem Bahnhof. Der Tunnel sei demnach zeitweise gesperrt worden. Die Besucher seien durch Lautsprecherdurchsagen und digitale Anzeigen informiert worden. Verletzte oder Menschen in Notsituationen gab es laut Polizei nicht.<\/p>\n<p class=\"text-18 leading-17\">Der Bezirk Altona hatte bereits vor knapp zwei Wochen ein neues Verkehrskonzept f\u00fcr die Arenen gefordert, bis die neue U5 den Verkehr entlastet. Die Verkehrsbeh\u00f6rde arbeitet laut eigenen Angaben daran \u2013 wann es greift, ist aber noch unklar.<\/p>\n","protected":false},"excerpt":{"rendered":"Konzerte am Wochenende Ed Sheeran in Hamburg: Fans berichten von dramatischen Szenen 07.07.2025 &#8211; 19:26 UhrLesedauer: 2 Min.&hellip;\n","protected":false},"author":2,"featured_media":250236,"comment_status":"","ping_status":"","sticky":false,"template":"","format":"standard","meta":{"footnotes":""},"categories":[1826],"tags":[3176,29,3575,30,692,438,121,5262,12064],"class_list":{"0":"post-250235","1":"post","2":"type-post","3":"status-publish","4":"format-standard","5":"has-post-thumbnail","7":"category-hamburg","8":"tag-3176","9":"tag-deutschland","10":"tag-ed-sheeran","11":"tag-germany","12":"tag-hamburg","13":"tag-ndr","14":"tag-polizei","15":"tag-stellingen","16":"tag-volksparkstadion"},"share_on_mastodon":{"url":"https:\/\/pubeurope.com\/@de\/114813917290564411","error":""},"_links":{"self":[{"href":"https:\/\/www.europesays.com\/de\/wp-json\/wp\/v2\/posts\/250235","targetHints":{"allow":["GET"]}}],"collection":[{"href":"https:\/\/www.europesays.com\/de\/wp-json\/wp\/v2\/posts"}],"about":[{"href":"https:\/\/www.europesays.com\/de\/wp-json\/wp\/v2\/types\/post"}],"author":[{"embeddable":true,"href":"https:\/\/www.europesays.com\/de\/wp-json\/wp\/v2\/users\/2"}],"replies":[{"embeddable":true,"href":"https:\/\/www.europesays.com\/de\/wp-json\/wp\/v2\/comments?post=250235"}],"version-history":[{"count":0,"href":"https:\/\/www.europesays.com\/de\/wp-json\/wp\/v2\/posts\/250235\/revisions"}],"wp:featuredmedia":[{"embeddable":true,"href":"https:\/\/www.europesays.com\/de\/wp-json\/wp\/v2\/media\/250236"}],"wp:attachment":[{"href":"https:\/\/www.europesays.com\/de\/wp-json\/wp\/v2\/media?parent=250235"}],"wp:term":[{"taxonomy":"category","embeddable":true,"href":"https:\/\/www.europesays.com\/de\/wp-json\/wp\/v2\/categories?post=250235"},{"taxonomy":"post_tag","embeddable":true,"href":"https:\/\/www.europesays.com\/de\/wp-json\/wp\/v2\/tags?post=250235"}],"curies":[{"name":"wp","href":"https:\/\/api.w.org\/{rel}","templated":true}]}}