{"id":250251,"date":"2025-07-07T20:55:30","date_gmt":"2025-07-07T20:55:30","guid":{"rendered":"https:\/\/www.europesays.com\/de\/250251\/"},"modified":"2025-07-07T20:55:30","modified_gmt":"2025-07-07T20:55:30","slug":"eine-lektion-in-der-aeltesten-maltechnik-der-menschheit","status":"publish","type":"post","link":"https:\/\/www.europesays.com\/de\/250251\/","title":{"rendered":"Eine Lektion in der \u00e4ltesten Maltechnik der Menschheit"},"content":{"rendered":"<ol class=\"id-DonaldBreadcrumb lp_west_breadcrumb id-DonaldBreadcrumb--default\" data-k5a-pos=\"west_breadcrumb\">\n<li class=\"id-Breadcrumb-item\"><a href=\"https:\/\/www.come-on.de\/\" class=\"id-Breadcrumb-link\" data-id-ec=\"{\" shn=\"\" textlink=\"\" data-k5a-pos=\"1_comeOnDe\" rel=\"nofollow noopener\" target=\"_blank\">come-on.de<\/a><\/li>\n<li class=\"id-Breadcrumb-item\"><a href=\"https:\/\/www.come-on.de\/lennetal\/\" class=\"id-Breadcrumb-link\" data-id-ec=\"{\" shn=\"\" textlink=\"\" data-k5a-pos=\"2_lennetal\" rel=\"nofollow noopener\" target=\"_blank\">Lennetal<\/a><\/li>\n<li class=\"id-Breadcrumb-item\"><a href=\"https:\/\/www.come-on.de\/lennetal\/neuenrade\/\" class=\"id-Breadcrumb-link\" data-id-ec=\"{\" shn=\"\" textlink=\"\" data-k5a-pos=\"3_neuenrade\" rel=\"nofollow noopener\" target=\"_blank\">Neuenrade<\/a><\/li>\n<\/ol>\n<p class=\"id-Story-timestamp id-Story-timestamp--default\">Stand: 05.07.2025, 19:00 Uhr<\/p>\n<p class=\"id-Story-authors id-Story-authors--default\">Von: <a class=\"id-Story-authors-link lp_west_author\" href=\"https:\/\/www.come-on.de\/autor\/peter-von-der-beck-ab1e0bnj4.html\" title=\"Zur Autorenseite von Peter von der Beck\" data-id-ec=\"{\" shn=\"\" author-link=\"\" von=\"\" der=\"\" beck=\"\" data-k5a-pos=\"west_author\" rel=\"nofollow noopener\" target=\"_blank\">Peter von der Beck<\/a><\/p>\n<p class=\"id-Story-interactionBar id-Story-interactionBar--default\">DruckenTeilen<\/p>\n<p><img decoding=\"async\" class=\"id-RatioPlaceholder-element wv_story_el_image\" src=\"https:\/\/www.europesays.com\/de\/wp-content\/uploads\/2025\/07\/38797929-airbrush-2Yfe.jpg\" loading=\"eager\" fetchpriority=\"high\"   height=\"619\" width=\"1100\" alt=\"Airbrush\"\/>Kunstp\u00e4dagoge Simon Willhardt erl\u00e4utert die Airbrush-Technik. \u00a9\u00a0Peter von der Beck <\/p>\n<p class=\"id-StoryElement-leadText\">Das Jugendnetzwerk Neuenrade hatte jetzt ein nicht allt\u00e4gliches Angebot parat: Airbrush-Malerei stand auf dem Plan.<\/p>\n<p class=\"id-StoryElement-paragraph\">Neuenrade &#8211;  Unter Begleitung des Kunstp\u00e4dagogen Simon Willhardt und der freischaffenden K\u00fcnstlerin Julia Schwarzmann, aus St. Petersburg stammend und in Witten lebend, konnten Mathea, Lilly, Kim und Nele eine Darstellungstechnik erlernen, die sich nicht jeder ohne weiteres aneignen kann.  <\/p>\n<p class=\"id-StoryElement-paragraph\">Zum einen ist Equipment wie Spr\u00fchpistolen mit teuren D\u00fcsen und passenden Farben n\u00f6tig, au\u00dferdem ist die Technik des Farbauftrags nicht ohne. Willhardt hatte alle H\u00e4nde voll zu tun, um den M\u00e4dchen die Feinheiten des Werkzeugs zu erkl\u00e4ren, bevor dann die Handhabung der Spr\u00fchpistolen auch ge\u00fcbt werden konnte. Dabei spielen Druck, Entfernung, Lage der Spr\u00fchpistole und Mischungsverh\u00e4ltnis der Farbe eine Rolle, schlie\u00dflich haben die Pistolen keinen Kontakt zum Papier. Regelm\u00e4\u00dfig m\u00fcssen auch die D\u00fcsen gereinigt werden. <\/p>\n<p class=\"id-StoryElement-paragraph\">Die M\u00e4dchen hatten sich zu diesem Kurs in der Mensa \u00fcber dem Jugendzentrum gemeldet, weil sie Spa\u00df an k\u00fcnstlerischer Gestaltung haben. Sie waren im Rahmen der Nacht der Jugendkultur, die im Herbst in Neuenrade stattfand, auf den Geschmack gekommen. Nach der Einf\u00fchrung in die Technik konnten die jungen Frauen dann loslegen und gestalten. Als Vorlage diente ein Sternen-\/Weltraumszenario. <\/p>\n<p class=\"id-StoryElement-paragraph\">Willhardt sagte zum Thema Airbrush: \u201eEs ist die \u00e4lteste Technik der Menschheit\u201c. Zur Zeit der H\u00f6hlenmalerei habe man in \u00e4hnlicher Weise die Farbe aufgetragen. Allerdings ohne Kompressor und Nadeld\u00fcsen, daf\u00fcr mit Lungenkraft und Puster\u00f6hrchen.  <\/p>\n","protected":false},"excerpt":{"rendered":"come-on.de Lennetal Neuenrade Stand: 05.07.2025, 19:00 Uhr Von: Peter von der Beck DruckenTeilen Kunstp\u00e4dagoge Simon Willhardt erl\u00e4utert die&hellip;\n","protected":false},"author":2,"featured_media":250252,"comment_status":"","ping_status":"","sticky":false,"template":"","format":"standard","meta":{"footnotes":""},"categories":[1775],"tags":[1793,29,214,30,1794,215],"class_list":{"0":"post-250251","1":"post","2":"type-post","3":"status-publish","4":"format-standard","5":"has-post-thumbnail","7":"category-kunst-und-design","8":"tag-art-and-design","9":"tag-deutschland","10":"tag-entertainment","11":"tag-germany","12":"tag-kunst-und-design","13":"tag-unterhaltung"},"share_on_mastodon":{"url":"https:\/\/pubeurope.com\/@de\/114813948778221198","error":""},"_links":{"self":[{"href":"https:\/\/www.europesays.com\/de\/wp-json\/wp\/v2\/posts\/250251","targetHints":{"allow":["GET"]}}],"collection":[{"href":"https:\/\/www.europesays.com\/de\/wp-json\/wp\/v2\/posts"}],"about":[{"href":"https:\/\/www.europesays.com\/de\/wp-json\/wp\/v2\/types\/post"}],"author":[{"embeddable":true,"href":"https:\/\/www.europesays.com\/de\/wp-json\/wp\/v2\/users\/2"}],"replies":[{"embeddable":true,"href":"https:\/\/www.europesays.com\/de\/wp-json\/wp\/v2\/comments?post=250251"}],"version-history":[{"count":0,"href":"https:\/\/www.europesays.com\/de\/wp-json\/wp\/v2\/posts\/250251\/revisions"}],"wp:featuredmedia":[{"embeddable":true,"href":"https:\/\/www.europesays.com\/de\/wp-json\/wp\/v2\/media\/250252"}],"wp:attachment":[{"href":"https:\/\/www.europesays.com\/de\/wp-json\/wp\/v2\/media?parent=250251"}],"wp:term":[{"taxonomy":"category","embeddable":true,"href":"https:\/\/www.europesays.com\/de\/wp-json\/wp\/v2\/categories?post=250251"},{"taxonomy":"post_tag","embeddable":true,"href":"https:\/\/www.europesays.com\/de\/wp-json\/wp\/v2\/tags?post=250251"}],"curies":[{"name":"wp","href":"https:\/\/api.w.org\/{rel}","templated":true}]}}