{"id":250257,"date":"2025-07-07T20:58:14","date_gmt":"2025-07-07T20:58:14","guid":{"rendered":"https:\/\/www.europesays.com\/de\/250257\/"},"modified":"2025-07-07T20:58:14","modified_gmt":"2025-07-07T20:58:14","slug":"pop-queen-kehrt-zurueck-sarah-connor-kommt-2026-in-die-domstadt","status":"publish","type":"post","link":"https:\/\/www.europesays.com\/de\/250257\/","title":{"rendered":"Pop-Queen kehrt zur\u00fcck: Sarah Connor kommt 2026 in die Domstadt"},"content":{"rendered":"<p><strong>Die Vorfreude steigt: Sarah Connor wird am 18. Juni 2026 beim Hessentag in Fulda auftreten! Damit kehrt die deutsche Pop-Ikone in die Domstadt zur\u00fcck \u2013 vier Jahre nach ihrem umjubelten Konzert auf dem Universit\u00e4tsplatz. Schon 2022 begeisterte sie dort tausende Fans mit G\u00e4nsehautballaden und energiegeladenen Hits aus ihren Erfolgsalben.<\/strong><\/p>\n<p>Die Veranstalter d\u00fcrfen sich auf einen echten Hochkar\u00e4ter freuen: Mit Millionen verkaufter Tontr\u00e4ger, ausverkauften Tourneen und gef\u00fchlvollen Songs z\u00e4hlt Sarah Connor zu den gr\u00f6\u00dften deutschen Popstars der Gegenwart. F\u00fcr viele Fans d\u00fcrfte der Auftritt in Fulda ein echtes Highlight im Hessentagsprogramm werden.<\/p>\n<p>Eins ist klar: Wenn Sarah Connor die B\u00fchne betritt, wird Fulda wieder beben. (cb) +++<\/p>\n","protected":false},"excerpt":{"rendered":"Die Vorfreude steigt: Sarah Connor wird am 18. Juni 2026 beim Hessentag in Fulda auftreten! Damit kehrt die&hellip;\n","protected":false},"author":2,"featured_media":250258,"comment_status":"","ping_status":"","sticky":false,"template":"","format":"standard","meta":{"footnotes":""},"categories":[1772],"tags":[29,214,30,1779,810,215],"class_list":{"0":"post-250257","1":"post","2":"type-post","3":"status-publish","4":"format-standard","5":"has-post-thumbnail","7":"category-musik","8":"tag-deutschland","9":"tag-entertainment","10":"tag-germany","11":"tag-music","12":"tag-musik","13":"tag-unterhaltung"},"share_on_mastodon":{"url":"https:\/\/pubeurope.com\/@de\/114813960922541363","error":""},"_links":{"self":[{"href":"https:\/\/www.europesays.com\/de\/wp-json\/wp\/v2\/posts\/250257","targetHints":{"allow":["GET"]}}],"collection":[{"href":"https:\/\/www.europesays.com\/de\/wp-json\/wp\/v2\/posts"}],"about":[{"href":"https:\/\/www.europesays.com\/de\/wp-json\/wp\/v2\/types\/post"}],"author":[{"embeddable":true,"href":"https:\/\/www.europesays.com\/de\/wp-json\/wp\/v2\/users\/2"}],"replies":[{"embeddable":true,"href":"https:\/\/www.europesays.com\/de\/wp-json\/wp\/v2\/comments?post=250257"}],"version-history":[{"count":0,"href":"https:\/\/www.europesays.com\/de\/wp-json\/wp\/v2\/posts\/250257\/revisions"}],"wp:featuredmedia":[{"embeddable":true,"href":"https:\/\/www.europesays.com\/de\/wp-json\/wp\/v2\/media\/250258"}],"wp:attachment":[{"href":"https:\/\/www.europesays.com\/de\/wp-json\/wp\/v2\/media?parent=250257"}],"wp:term":[{"taxonomy":"category","embeddable":true,"href":"https:\/\/www.europesays.com\/de\/wp-json\/wp\/v2\/categories?post=250257"},{"taxonomy":"post_tag","embeddable":true,"href":"https:\/\/www.europesays.com\/de\/wp-json\/wp\/v2\/tags?post=250257"}],"curies":[{"name":"wp","href":"https:\/\/api.w.org\/{rel}","templated":true}]}}