{"id":250259,"date":"2025-07-07T20:59:10","date_gmt":"2025-07-07T20:59:10","guid":{"rendered":"https:\/\/www.europesays.com\/de\/250259\/"},"modified":"2025-07-07T20:59:10","modified_gmt":"2025-07-07T20:59:10","slug":"beide-filme-werden-heute-lieber-totgeschwiegen","status":"publish","type":"post","link":"https:\/\/www.europesays.com\/de\/250259\/","title":{"rendered":"Beide Filme werden heute lieber totgeschwiegen"},"content":{"rendered":"<p>Marvel ist nicht gleich Marvel. Das wissen vor allem Fans, die schon in den 2000er Jahren den Comicverfilmungen entgegengefiebert haben und die unterschiedlichsten Ergebnisse auf der Leinwand bestaunen konnten. Heute Abend k\u00f6nnt ihr euch bei einem Double-Feature zwei Kandidaten anschauen, die auf wenig Liebe gesto\u00dfen sind.<\/p>\n<p>Es laufen: <a data-ga-on=\"click,auxclick,contextmenu\" data-ga-event-category=\"Article\" data-ga-event-action=\"Internal Link Text\" data-ga-event-label=\"Click\" title=\"Der unglaubliche Hulk\" href=\"https:\/\/www.moviepilot.de\/movies\/der-unglaubliche-hulk\" class=\"sc-6a922024-0 dZMhco mp_article_parsed_internal_link\" rel=\"nofollow noopener\" target=\"_blank\">Der unglaubliche Hulk<\/a> und <a data-ga-on=\"click,auxclick,contextmenu\" data-ga-event-category=\"Article\" data-ga-event-action=\"Internal Link Text\" data-ga-event-label=\"Click\" title=\"Daredevil\" href=\"https:\/\/www.moviepilot.de\/movies\/daredevil\" class=\"sc-6a922024-0 dZMhco mp_article_parsed_internal_link\" rel=\"nofollow noopener\" target=\"_blank\">Daredevil<\/a>. <\/p>\n<p>Marvel-Marathon-Film Nr. 1: Der unglaubliche Hulk (2008)<\/p>\n<p>Los geht&#8217;s mit dem zweiten Solofilm rund um das gr\u00fcne Wutmonster, das bereits in Ang Lees <a data-ga-on=\"click,auxclick,contextmenu\" data-ga-event-category=\"Article\" data-ga-event-action=\"Internal Link Text\" data-ga-event-label=\"Click\" title=\"Hulk\" href=\"https:\/\/www.moviepilot.de\/movies\/hulk\" class=\"sc-6a922024-0 dZMhco mp_article_parsed_internal_link\" rel=\"nofollow noopener\" target=\"_blank\">Hulk<\/a> im Jahr 2003 erstmals auf der gro\u00dfen Leinwand zu sehen war. F\u00fcnf Jahre sp\u00e4ter fand im Marvel Cinematic Universe das gro\u00dfe Reboot statt und Edward Norton \u00fcbernahm den Part, der zuvor von Eric Bana verk\u00f6rpert wurde.<\/p>\n<p>Der unglaubliche Hulk ist nach <a data-ga-on=\"click,auxclick,contextmenu\" data-ga-event-category=\"Article\" data-ga-event-action=\"Internal Link Text\" data-ga-event-label=\"Click\" title=\"Iron Man\" href=\"https:\/\/www.moviepilot.de\/movies\/iron-man-4\" class=\"sc-6a922024-0 dZMhco mp_article_parsed_internal_link\" rel=\"nofollow noopener\" target=\"_blank\">Iron Man<\/a> der zweite offizielle Film des Marvel Cinematic Universe. Im Gegensatz zum flotten Auftakt des heutigen Mega-Franchise kam Der unglaubliche Hulk 2008 weder bei den Fans noch der Kritik gut an. Gewisserma\u00dfen scheiterte der Film sogar so stark, dass der Star sp\u00e4ter gewechselt wurde. <\/p>\n<p>Zwischen Edward Norton und der Produktion kam es bekannterma\u00dfen zu gewaltigen kreativen Differenzen, sodass nun Mark Ruffalo den W\u00fcterich im MCU verk\u00f6rpert. Als kurzweiliger Action-Blockbuster, der souver\u00e4n von Louis Leterrier in Szene gesetzt und auf 35mm (!) gedreht wurde, kann man sich den Kracher dennoch anschauen. <\/p>\n<p>Marvel-Marathon-Film Nr. 2: Daredevil (2003)<\/p>\n<p>Nach dem Hulk-Spektakel geht es mit einer noch fr\u00fcheren Comicverfilmung weiter. Daredevil stammt aus einer ganz w\u00fcsten Zeit, in der von Cinematic Universes in Hollywood noch niemand redete. Stattdessen schl\u00fcpfte Ben Affleck einfach ins Kost\u00fcm des roten Teufels und r\u00e4umte in den Stra\u00dfen von Hell&#8217;s Kitchen auf. <\/p>\n<p>In diesem Zuge begegnete er u.a. Colin Farrell als B\u00f6sewicht Bullseye und Jennifer Garner als geheimnisvolle K\u00e4mpferin, die sp\u00e4ter mit <a data-ga-on=\"click,auxclick,contextmenu\" data-ga-event-category=\"Article\" data-ga-event-action=\"Internal Link Text\" data-ga-event-label=\"Click\" title=\"Elektra\" href=\"https:\/\/www.moviepilot.de\/movies\/elektra-2--3\" class=\"sc-6a922024-0 dZMhco mp_article_parsed_internal_link\" rel=\"nofollow noopener\" target=\"_blank\">Elektra<\/a> ihr eigenes Spin-off erhielt. Auch diese Marvel-\u00c4ra wurde l\u00e4ngst \u00fcberschrieben, konkret mit der Netflix-Serie <a data-ga-on=\"click,auxclick,contextmenu\" data-ga-event-category=\"Article\" data-ga-event-action=\"Internal Link Text\" data-ga-event-label=\"Click\" title=\"Marvel&#039;s Daredevil\" href=\"https:\/\/www.moviepilot.de\/serie\/daredevil\" class=\"sc-6a922024-0 dZMhco mp_article_parsed_internal_link\" rel=\"nofollow noopener\" target=\"_blank\">Marvel&#8217;s Daredevil<\/a>, die dieses Jahr mit <a data-ga-on=\"click,auxclick,contextmenu\" data-ga-event-category=\"Article\" data-ga-event-action=\"Internal Link Text\" data-ga-event-label=\"Click\" title=\"Daredevil: Born Again\" href=\"https:\/\/www.moviepilot.de\/serie\/daredevil-born-again\" class=\"sc-6a922024-0 dZMhco mp_article_parsed_internal_link\" rel=\"nofollow noopener\" target=\"_blank\">Daredevil: Born Again<\/a> im MCU fortgesetzt wurde. <\/p>\n<p>Wenn ihr auf der Suche nach einer richtigen 2000er-Comicverfilmung seid, solltet ihr euch Daredevil aber nicht entgehen lassen. Allein der Look und die Musik machen den Film zu einer faszinierenden Zeitkapsel. So eine epische Bring Me Back to Life-Montage, wie man sie hier sieht, kann man sich in einem MCU-Blockbuster gar nicht vorstellen. <\/p>\n<p>Wann kommen die Marvel-Filme heute im TV?<\/p>\n<p>Der Marvel-Marathon beginnt heute Abend<b> am 7. Juli 2025 um 20:15 Uhr auf Kabel Eins<\/b> mit Der unglaubliche Hulk. Um 22:25 Uhr folgt Daredevil und geht bis 0:50 Uhr. Wiederholt wird der Marathon am Dienstag ab 22:35 in derselben Reihenfolge.<\/p>\n<p>Wenn ihr die Filme lieber streamen wollt, k\u00f6nnt ihr das auch tun. Der unglaubliche Hulk steht aktuell bei WOW und Amazon Prime im Abo zur Verf\u00fcgung. Daredevil ist derweil Teil des Streaming-Angebots von Disney+, wo ihr viele weitere Marvel-Filme findet. <\/p>\n","protected":false},"excerpt":{"rendered":"Marvel ist nicht gleich Marvel. Das wissen vor allem Fans, die schon in den 2000er Jahren den Comicverfilmungen&hellip;\n","protected":false},"author":2,"featured_media":250260,"comment_status":"","ping_status":"","sticky":false,"template":"","format":"standard","meta":{"footnotes":""},"categories":[1771],"tags":[61480,11543,49528,61952,1778,23582,29,214,30,95,76930,1777,39642,48953,57468,60778,61690,215,64,55421],"class_list":{"0":"post-250259","1":"post","2":"type-post","3":"status-publish","4":"format-standard","5":"has-post-thumbnail","7":"category-kino","8":"tag-2000er-jahre","9":"tag-20th-century-fox","10":"tag-aufregend","11":"tag-boesewicht","12":"tag-cinema","13":"tag-concorde","14":"tag-deutschland","15":"tag-entertainment","16":"tag-germany","17":"tag-kino","18":"tag-marvel-studios","19":"tag-movie","20":"tag-new-york-city","21":"tag-spannend","22":"tag-superheld","23":"tag-superhelden-film","24":"tag-universal-pictures","25":"tag-unterhaltung","26":"tag-usa","27":"tag-vereinigte-staaten-von-amerika-usa"},"share_on_mastodon":{"url":"https:\/\/pubeurope.com\/@de\/114813964823605707","error":""},"_links":{"self":[{"href":"https:\/\/www.europesays.com\/de\/wp-json\/wp\/v2\/posts\/250259","targetHints":{"allow":["GET"]}}],"collection":[{"href":"https:\/\/www.europesays.com\/de\/wp-json\/wp\/v2\/posts"}],"about":[{"href":"https:\/\/www.europesays.com\/de\/wp-json\/wp\/v2\/types\/post"}],"author":[{"embeddable":true,"href":"https:\/\/www.europesays.com\/de\/wp-json\/wp\/v2\/users\/2"}],"replies":[{"embeddable":true,"href":"https:\/\/www.europesays.com\/de\/wp-json\/wp\/v2\/comments?post=250259"}],"version-history":[{"count":0,"href":"https:\/\/www.europesays.com\/de\/wp-json\/wp\/v2\/posts\/250259\/revisions"}],"wp:featuredmedia":[{"embeddable":true,"href":"https:\/\/www.europesays.com\/de\/wp-json\/wp\/v2\/media\/250260"}],"wp:attachment":[{"href":"https:\/\/www.europesays.com\/de\/wp-json\/wp\/v2\/media?parent=250259"}],"wp:term":[{"taxonomy":"category","embeddable":true,"href":"https:\/\/www.europesays.com\/de\/wp-json\/wp\/v2\/categories?post=250259"},{"taxonomy":"post_tag","embeddable":true,"href":"https:\/\/www.europesays.com\/de\/wp-json\/wp\/v2\/tags?post=250259"}],"curies":[{"name":"wp","href":"https:\/\/api.w.org\/{rel}","templated":true}]}}