{"id":250270,"date":"2025-07-07T21:05:15","date_gmt":"2025-07-07T21:05:15","guid":{"rendered":"https:\/\/www.europesays.com\/de\/250270\/"},"modified":"2025-07-07T21:05:15","modified_gmt":"2025-07-07T21:05:15","slug":"nato-chef-rutte-prognostiziert-gemeinsamen-angriff-von-china-und-russland","status":"publish","type":"post","link":"https:\/\/www.europesays.com\/de\/250270\/","title":{"rendered":"Nato-Chef Rutte prognostiziert gemeinsamen Angriff von China und Russland"},"content":{"rendered":"<p class=\"tspA4jh tspA4ji\">Chinas Machthaber Xi Jinping hat m\u00f6glicherweise schon seit l\u00e4ngerem die Absicht, die ostasiatische Inselrepublik Taiwan notfalls mit Gewalt mit dem Festland zu vereinen. Nato-Generalsekret\u00e4r Mark Rutte prognostiziert <a href=\"https:\/\/www.nytimes.com\/2025\/07\/05\/magazine\/mark-rutte-interview.html\" target=\"_blank\" rel=\"noopener nofollow\" class=\"link link--external\" data-gtm-class=\"article-text-link\" data-gtm-val=\"external\" aria-describedby=\"message-target-blank\">in einem Interview mit der \u201eNew York Times\u201c<\/a>, dass ein chinesischer Angriff auf Taiwan zeitgleich mit einem russischen Schlag gegen Nato-Territorium stattfinden w\u00fcrde. Der Gedanke dahinter sei ganz einfach: \u201eEuropa besch\u00e4ftigen\u201c.<\/p>\n<p>Der Morgenlage Newsletter<\/p>\n<p><img decoding=\"async\" src=\"https:\/\/www.europesays.com\/de\/wp-content\/uploads\/2025\/04\/1745846948_156_morgenlage-abendlage-icon-klein.png\" alt=\"\" class=\"tspBTjk\"\/><\/p>\n<p class=\"tspBTlp\"> Die wichtigsten Nachrichten des Tages \u2014 morgens direkt in Ihr E-Mail-Postfach. <\/p>\n<p class=\"tspA4jh\">In Ruttes Vorstellung w\u00fcrde Xi seinen \u201eJuniorpartner\u201c, den russischen Machthaber Wladimir Putin anrufen und sagen: \u201eHey, ich werde das tun (Taiwan angreifen), und ich brauche dich, um sie in Europa zu besch\u00e4ftigen, indem du Nato-Gebiet angreifst.\u201c\u00a0<\/p>\n<p class=\"tspA4jh\">Um Xi und Putin \u201eabzuschrecken, (&#8230;) muss die Nato als Ganzes so stark sein, dass die Russen niemals so etwas tun w\u00fcrden\u201c, sagte Rutte der \u201eNYT\u201c.  Zudem m\u00fcsse man st\u00e4rker mit dem Indopazifik zusammenarbeiten. Andernfalls werde es \u201eh\u00f6chstwahrscheinlich\u201c einen gemeinsamen Angriff Chinas und Russlands geben.<\/p>\n<p> China h\u00e4lt Milit\u00e4r\u00fcbungen nahe Taiwan ab <\/p>\n<p class=\"tspA4jh\">Russland f\u00fchrt seit 2022 einen gro\u00dfangelegten Angriffskrieg gegen sein Nachbarland Ukraine. Schon l\u00e4nger wird spekuliert, ob Moskau mit einem begrenzten Angriff auf Nato-Gebiet, etwa im Baltikum, die Beistandspflicht des Verteidigungsb\u00fcndnisses testen k\u00f6nnte. Die Abwehr eines russischen Angriffs auf einen B\u00fcndnispartner w\u00fcrde Nato-Truppen binden. Dies sei laut Rutte das Kalk\u00fcl des chinesischen Machthabers Xi. <\/p>\n<p> Lesen Sie auch <a href=\"https:\/\/www.tagesspiegel.de\/internationales\/verursacht-totalausfall-der-stromversorgung-so-funktioniert-chinas-neue-graphitbombe-13949164.html?icid=topic-list_13986512___\" data-gtm-class=\"article-mzt-link\" class=\"tspCEnx\" rel=\"nofollow noopener\" target=\"_blank\">Graphitbombe verursacht Stromausf\u00e4lle So funktioniert Chinas neue Hightech-Waffe <\/a><a href=\"https:\/\/www.tagesspiegel.de\/politik\/mussen-im-nordatlantik-und-in-der-arktis-prasent-sein-verteidigungsminister-pistorius-plant-reise-nach-gronland-13942666.html?icid=topic-list_13986512___\" data-gtm-class=\"article-mzt-link\" class=\"tspCEnx\" rel=\"nofollow noopener\" target=\"_blank\">\u201eM\u00fcssen im Nordatlantik und in der Arktis pr\u00e4sent sein\u201c Verteidigungsminister Pistorius plant Reise nach Gr\u00f6nland <\/a><a href=\"https:\/\/www.tagesspiegel.de\/internationales\/erhohung-der-verteidigungsausgaben-kann-die-nato-so-putins-russland-standhalten-13933030.html?icid=topic-list_13986512___\" data-gtm-class=\"article-mzt-link\" class=\"tspCEnx\" rel=\"nofollow noopener\" target=\"_blank\">Erh\u00f6hung der Verteidigungsausgaben Kann die Nato so Putins Russland standhalten? <\/a><\/p>\n<p class=\"tspA4jh\">China hat in der j\u00fcngeren Vergangenheit seine Drohszenarien gegen Taiwan deutlich erh\u00f6ht. Peking betrachtet das demokratische und selbstverwaltete Taiwan als abtr\u00fcnnige Provinz, die wieder mit dem Festland vereinigt werden soll \u2013 notfalls mit milit\u00e4rischer Gewalt. In den vergangenen Jahren hat China immer wieder gro\u00dfe Milit\u00e4rman\u00f6ver rund um die Insel abgehalten.<\/p>\n<p class=\"tspA4jh\">Erst am Sonntag hat Peking eine umstrittene zivile Flugroute nahe Taiwan zum dritten Mal erweitert. Die Ma\u00dfnahme erfolgte kurz vor dem Beginn von gro\u00dfen Milit\u00e4r\u00fcbungen in Taiwan, die am Mittwoch beginnen und bis zum 18. Juli dauern sollen. (Tsp)<\/p>\n","protected":false},"excerpt":{"rendered":"Chinas Machthaber Xi Jinping hat m\u00f6glicherweise schon seit l\u00e4ngerem die Absicht, die ostasiatische Inselrepublik Taiwan notfalls mit Gewalt&hellip;\n","protected":false},"author":2,"featured_media":250271,"comment_status":"","ping_status":"","sticky":false,"template":"","format":"standard","meta":{"footnotes":""},"categories":[3],"tags":[227,13,14,1159,15,307,12,650,10,8,9,11,103,306,104,10257],"class_list":{"0":"post-250270","1":"post","2":"type-post","3":"status-publish","4":"format-standard","5":"has-post-thumbnail","7":"category-welt","8":"tag-china","9":"tag-headlines","10":"tag-nachrichten","11":"tag-nato","12":"tag-news","13":"tag-russland","14":"tag-schlagzeilen","15":"tag-taiwan","16":"tag-top-news","17":"tag-top-meldungen","18":"tag-topmeldungen","19":"tag-topnews","20":"tag-welt","21":"tag-wladimir-putin","22":"tag-world","23":"tag-xi-jinping"},"share_on_mastodon":{"url":"https:\/\/pubeurope.com\/@de\/114813988027855220","error":""},"_links":{"self":[{"href":"https:\/\/www.europesays.com\/de\/wp-json\/wp\/v2\/posts\/250270","targetHints":{"allow":["GET"]}}],"collection":[{"href":"https:\/\/www.europesays.com\/de\/wp-json\/wp\/v2\/posts"}],"about":[{"href":"https:\/\/www.europesays.com\/de\/wp-json\/wp\/v2\/types\/post"}],"author":[{"embeddable":true,"href":"https:\/\/www.europesays.com\/de\/wp-json\/wp\/v2\/users\/2"}],"replies":[{"embeddable":true,"href":"https:\/\/www.europesays.com\/de\/wp-json\/wp\/v2\/comments?post=250270"}],"version-history":[{"count":0,"href":"https:\/\/www.europesays.com\/de\/wp-json\/wp\/v2\/posts\/250270\/revisions"}],"wp:featuredmedia":[{"embeddable":true,"href":"https:\/\/www.europesays.com\/de\/wp-json\/wp\/v2\/media\/250271"}],"wp:attachment":[{"href":"https:\/\/www.europesays.com\/de\/wp-json\/wp\/v2\/media?parent=250270"}],"wp:term":[{"taxonomy":"category","embeddable":true,"href":"https:\/\/www.europesays.com\/de\/wp-json\/wp\/v2\/categories?post=250270"},{"taxonomy":"post_tag","embeddable":true,"href":"https:\/\/www.europesays.com\/de\/wp-json\/wp\/v2\/tags?post=250270"}],"curies":[{"name":"wp","href":"https:\/\/api.w.org\/{rel}","templated":true}]}}