{"id":250284,"date":"2025-07-07T21:13:09","date_gmt":"2025-07-07T21:13:09","guid":{"rendered":"https:\/\/www.europesays.com\/de\/250284\/"},"modified":"2025-07-07T21:13:09","modified_gmt":"2025-07-07T21:13:09","slug":"einbruch-in-einfamilienhaus-an-der-bruchstrasse","status":"publish","type":"post","link":"https:\/\/www.europesays.com\/de\/250284\/","title":{"rendered":"Einbruch in Einfamilienhaus an der Bruchstra\u00dfe"},"content":{"rendered":"<p class=\"text_ohne_einzug richtext text-em-55 !leading-serif mx-6 desktop:mx-0\">  Im Zeitraum zwischen Donnerstag, 3. Juli, und Samstag, 5. Juli, brachen Unbekannte in ein Einfamilienhaus an der Bruchstra\u00dfe in <a href=\"https:\/\/rp-online.de\/thema\/korschenbroich\/\" rel=\"nofollow noopener\" target=\"_blank\">Korschenbroich<\/a> ein. Dies teilt die Kreispolizeibeh\u00f6rde mit. Demnach hebelten die T\u00e4ter eine Kellert\u00fcr auf. Sie durchw\u00fchlten mehrere R\u00e4ume und stahlen technische Ger\u00e4te.<\/p>\n<p class=\"richtext text-em-55 !leading-serif mx-6 desktop:mx-0\">Das Kriminalkommissariat 14 hat die Ermittlungen aufgenommen. Zeugen werden gebeten, sich unter der Telefonnummer 02131 300-0 oder per Mail an poststelle.rhein-kreis-neuss@polizei.nrw.de bei der <a href=\"https:\/\/rp-online.de\/thema\/polizei\/\" rel=\"nofollow noopener\" target=\"_blank\">Polizei<\/a> zu melden.<\/p>\n","protected":false},"excerpt":{"rendered":"Im Zeitraum zwischen Donnerstag, 3. Juli, und Samstag, 5. Juli, brachen Unbekannte in ein Einfamilienhaus an der Bruchstra\u00dfe&hellip;\n","protected":false},"author":2,"featured_media":250285,"comment_status":"","ping_status":"","sticky":false,"template":"","format":"standard","meta":{"footnotes":""},"categories":[1849],"tags":[55052,3364,29,2819,7599,548,663,3934,30,13,76932,24741,1584,4455,14,15,1209,12,5530],"class_list":{"0":"post-250284","1":"post","2":"type-post","3":"status-publish","4":"format-standard","5":"has-post-thumbnail","7":"category-moenchengladbach","8":"tag-bruchstrasse","9":"tag-de","10":"tag-deutschland","11":"tag-einbruch","12":"tag-einfamilienhaus","13":"tag-eu","14":"tag-europa","15":"tag-europe","16":"tag-germany","17":"tag-headlines","18":"tag-hebelten","19":"tag-korschenbroich","20":"tag-kriminalitaet","21":"tag-moenchengladbach","22":"tag-nachrichten","23":"tag-news","24":"tag-nordrhein-westfalen","25":"tag-schlagzeilen","26":"tag-unbekannte"},"share_on_mastodon":{"url":"https:\/\/pubeurope.com\/@de\/114814019708878138","error":""},"_links":{"self":[{"href":"https:\/\/www.europesays.com\/de\/wp-json\/wp\/v2\/posts\/250284","targetHints":{"allow":["GET"]}}],"collection":[{"href":"https:\/\/www.europesays.com\/de\/wp-json\/wp\/v2\/posts"}],"about":[{"href":"https:\/\/www.europesays.com\/de\/wp-json\/wp\/v2\/types\/post"}],"author":[{"embeddable":true,"href":"https:\/\/www.europesays.com\/de\/wp-json\/wp\/v2\/users\/2"}],"replies":[{"embeddable":true,"href":"https:\/\/www.europesays.com\/de\/wp-json\/wp\/v2\/comments?post=250284"}],"version-history":[{"count":0,"href":"https:\/\/www.europesays.com\/de\/wp-json\/wp\/v2\/posts\/250284\/revisions"}],"wp:featuredmedia":[{"embeddable":true,"href":"https:\/\/www.europesays.com\/de\/wp-json\/wp\/v2\/media\/250285"}],"wp:attachment":[{"href":"https:\/\/www.europesays.com\/de\/wp-json\/wp\/v2\/media?parent=250284"}],"wp:term":[{"taxonomy":"category","embeddable":true,"href":"https:\/\/www.europesays.com\/de\/wp-json\/wp\/v2\/categories?post=250284"},{"taxonomy":"post_tag","embeddable":true,"href":"https:\/\/www.europesays.com\/de\/wp-json\/wp\/v2\/tags?post=250284"}],"curies":[{"name":"wp","href":"https:\/\/api.w.org\/{rel}","templated":true}]}}