{"id":250288,"date":"2025-07-07T21:15:13","date_gmt":"2025-07-07T21:15:13","guid":{"rendered":"https:\/\/www.europesays.com\/de\/250288\/"},"modified":"2025-07-07T21:15:13","modified_gmt":"2025-07-07T21:15:13","slug":"radfahrer-angefahren-unfallflucht-in-wiesbaden","status":"publish","type":"post","link":"https:\/\/www.europesays.com\/de\/250288\/","title":{"rendered":"Radfahrer angefahren: Unfallflucht in Wiesbaden"},"content":{"rendered":"<p>&#13;<br \/>\n        &#13;<br \/>\n&#13;<br \/>\n        &#13;<\/p>\n<p>            <a href=\"https:\/\/www.europesays.com\/de\/wp-content\/uploads\/2025\/06\/jonas-augustin-zF0JToEfmTQ-unsplash.jpg\" data-caption=\"(Symbolbild: Jonas Augustin auf Unsplash)\"><img loading=\"lazy\" decoding=\"async\" width=\"696\" height=\"392\" class=\"entry-thumb td-modal-image\" src=\"data:image\/svg+xml,%3Csvg%20xmlns=\" http:=\"\" data-lazy- data-lazy- alt=\"\" title=\"Blaulicht.Polizei, RMV\" data-lazy-src=\"https:\/\/www.europesays.com\/de\/wp-content\/uploads\/2025\/06\/jonas-augustin-zF0JToEfmTQ-unsplash.jpg\"\/><\/a>(Symbolbild: Jonas Augustin auf Unsplash)<\/p>\n<p>In Wiesbaden f\u00fchrte ein Spurwechsel am Samstagmittag (5.) zu einem Unfall mit einem verletzten Radfahrer.<\/p>\n<p>Die verantwortliche Person fl\u00fcchtete. Den Angaben des 14-j\u00e4hrigen Zweiradfahrers nach, sei er mit seinem Rennrad um 15.05 Uhr auf der Wilhelmstra\u00dfe in Richtung Rheinstra\u00dfe unterwegs gewesen und habe hierf\u00fcr die Rechte von zwei Fahrspuren genutzt. Neben ihm sei in gleicher Richtung ein Pkw gefahren welcher pl\u00f6tzlich in H\u00f6he der Haunummer 10 die Fahrspur gewechselt habe und mit dem 14-J\u00e4hrigen zusammengesto\u00dfen sei. W\u00e4hrend er zu Boden st\u00fcrzte und sich verletzte, fl\u00fcchtete die oder der Unbekannte mit seinem Fahrzeug in Richtung der Rheinstra\u00dfe. Es soll sich um einen wei\u00dfen Pkw, mutma\u00dflich der Marke Ford, gehandelt haben. Der Radfahrer musste verletzt in ein Krankenhaus gebracht werden.<\/p>\n<p>Hinweise zum Unfallgeschehen nimmt der Regionale Verkehrsdienst der Polizeidirektion Wiesbaden unter der Telefonnummer (0611) 345 2240 entgegen.<\/p>\n<p>(Text: PM PP Westhessen)<\/p>\n<p><a href=\"https:\/\/www.rheinmainverlag.de\/author\/ahessberger\/\" rel=\"nofollow noopener\" target=\"_blank\"><img loading=\"lazy\" decoding=\"async\" src=\"data:image\/svg+xml,%3Csvg%20xmlns=\" http:=\"\" width=\"200\" height=\"200\" alt=\"\" itemprop=\"image\" data-lazy-src=\"https:\/\/www.europesays.com\/de\/wp-content\/uploads\/2025\/04\/Katja_Hessberger.jpg\"\/><\/a><\/p>\n<p>\u2026 erschlie\u00dft sich ihre Welt, indem sie viel Zeit in der Natur verbringt. Bei langen Fahrradtouren und sch\u00f6ne Wanderungen tankt sie Kraft. Lokale Themen sind ihre Welt. Sowohl in den Printprodukten als auch online informiert sie am liebsten \u00fcber Polizeiberichte, Tiergeschichten und Umweltthemen. Absolute Lieblingsbesch\u00e4ftigung in der Adventszeit: Pl\u00e4tzchen backen.<br \/>Mag: Tiere | Backen | Lokale Geschichten<\/p>\n<p>Set your Author Custom HTML Tab Content on your <a href=\"https:\/\/www.rheinmainverlag.de\/wp-admin\/profile.php#sabox-custom-job-title\" target=\"_blank\" class=\"clickable\" rel=\"nofollow noopener\">Profile page<\/a><\/p>\n<p>        &#13;<br \/>\n&#13;<br \/>\n        &#13;<br \/>\n                        &#13;<br \/>\n            &#13;<br \/>\n&#13;<br \/>\n                                                        &#13;<br \/>\n&#13;<\/p>\n","protected":false},"excerpt":{"rendered":"&#13; &#13; &#13; &#13; (Symbolbild: Jonas Augustin auf Unsplash) In Wiesbaden f\u00fchrte ein Spurwechsel am Samstagmittag (5.) zu&hellip;\n","protected":false},"author":2,"featured_media":165870,"comment_status":"","ping_status":"","sticky":false,"template":"","format":"standard","meta":{"footnotes":""},"categories":[1847],"tags":[3364,29,548,663,3934,30,13,2052,14,15,12,4544],"class_list":{"0":"post-250288","1":"post","2":"type-post","3":"status-publish","4":"format-standard","5":"has-post-thumbnail","7":"category-wiesbaden","8":"tag-de","9":"tag-deutschland","10":"tag-eu","11":"tag-europa","12":"tag-europe","13":"tag-germany","14":"tag-headlines","15":"tag-hessen","16":"tag-nachrichten","17":"tag-news","18":"tag-schlagzeilen","19":"tag-wiesbaden"},"share_on_mastodon":{"url":"https:\/\/pubeurope.com\/@de\/114814027360398326","error":""},"_links":{"self":[{"href":"https:\/\/www.europesays.com\/de\/wp-json\/wp\/v2\/posts\/250288","targetHints":{"allow":["GET"]}}],"collection":[{"href":"https:\/\/www.europesays.com\/de\/wp-json\/wp\/v2\/posts"}],"about":[{"href":"https:\/\/www.europesays.com\/de\/wp-json\/wp\/v2\/types\/post"}],"author":[{"embeddable":true,"href":"https:\/\/www.europesays.com\/de\/wp-json\/wp\/v2\/users\/2"}],"replies":[{"embeddable":true,"href":"https:\/\/www.europesays.com\/de\/wp-json\/wp\/v2\/comments?post=250288"}],"version-history":[{"count":0,"href":"https:\/\/www.europesays.com\/de\/wp-json\/wp\/v2\/posts\/250288\/revisions"}],"wp:featuredmedia":[{"embeddable":true,"href":"https:\/\/www.europesays.com\/de\/wp-json\/wp\/v2\/media\/165870"}],"wp:attachment":[{"href":"https:\/\/www.europesays.com\/de\/wp-json\/wp\/v2\/media?parent=250288"}],"wp:term":[{"taxonomy":"category","embeddable":true,"href":"https:\/\/www.europesays.com\/de\/wp-json\/wp\/v2\/categories?post=250288"},{"taxonomy":"post_tag","embeddable":true,"href":"https:\/\/www.europesays.com\/de\/wp-json\/wp\/v2\/tags?post=250288"}],"curies":[{"name":"wp","href":"https:\/\/api.w.org\/{rel}","templated":true}]}}