{"id":250289,"date":"2025-07-07T21:16:43","date_gmt":"2025-07-07T21:16:43","guid":{"rendered":"https:\/\/www.europesays.com\/de\/250289\/"},"modified":"2025-07-07T21:16:43","modified_gmt":"2025-07-07T21:16:43","slug":"sandro-wagner-ist-da-der-fc-augsburg-stellt-seinen-neuen-trainer-vor-news-augsburg-allgaeu-und-ulm","status":"publish","type":"post","link":"https:\/\/www.europesays.com\/de\/250289\/","title":{"rendered":"Sandro Wagner ist da &#8211; der FC Augsburg stellt seinen neuen Trainer vor! &#8211; News Augsburg, Allg\u00e4u und Ulm"},"content":{"rendered":"<p>\t\t\t\t                07.07.25<\/p>\n<p>                &#8222;Es ist geil, Trainer vom FCA zu sein!&#8220;<\/p>\n<p>Der Pressekonferenz-Raum war so voll wie w\u00e4hrend der Saison meist nur, wenn Gegner wie der FC Bayern zu Gast in der WWK Arena sind. Den Eindruck, dass es nun k\u00fcnftig mehr um die Trainerpersonalie als um das Sportliche gehe, wurde dann jedoch gleich von Wagner selbst: &#8222;Wer bin ich?&#8220; und er sei dem\u00fctig, dass er &#8222;einer von 18 Bundesligatrainern sein kann!&#8220; relativiert. Auch Gesch\u00e4ftsf\u00fchrer Michael Str\u00f6ll betonte: &#8222;Niemand ist gr\u00f6\u00dfer als der Verein, gr\u00f6\u00dfer als der FCA!&#8220;&#13;\n<\/p>\n<p>\t\t\t\t\t<a href=\"https:\/\/www.trendyone.de\/cache\/com_image_news\/58472\/_250c4734ce00a83d28f3a5f23c884214\/cropped-1751885713-img_1680.jpg\" rel=\"nofollow noopener\" target=\"_blank\"><img loading=\"lazy\" decoding=\"async\" src=\"https:\/\/www.europesays.com\/de\/wp-content\/uploads\/2025\/07\/cropped-1751885713-img_1680.jpg\" alt=\"cropped-1751885713-img_1680\" width=\"470\" height=\"235\"\/><\/a><\/p>\n<p>Strahlende Gesichter bei der Vorstellung des neuen Trainers Sandro Wagner mit FCA-Gesch\u00e4ftsf\u00fchrer Michael Str\u00f6ll.Bild: Marion Buk-Kluger<\/p>\n<p>\t\t\t\tDas Interesse an Wagner ist verst\u00e4ndlicherweise aber gro\u00df, stand er vor seiner Verpflichtung beim FCA ja an der Seitenlinie mit Bundestrainer Julian Nagelsmann bei der deutschen Nationalmannschaft. Zum Amtsantritt und einem besonderen und beliebten Hochzeitsdatum, kam es heute am 7.7. also zur Vorstellung und &#8222;Verm\u00e4hlung&#8220; des neuen Cheftrainers mit dem Bundesligisten. Zusammen geht man nun ins 15. Bundesligajahr und will zwar einiges mitnehmen aus den letzten beiden Jahren unter Jess Thorup. Aber eben auch einen frischen, atraktiveren, offensiveren und erfolgreicheren Fu\u00dfball spielen. M\u00f6glichst mit einer starken Jugendf\u00f6rderung.<br \/>Wagner zeigte sich \u00fcber weite Strecken, was er mehrfach betonte: dem\u00fctig und dankbar &#8222;Ich bin ein Lernender!&#8220; (Anmerkung: Wagner absolviert derzeit noch den Lehrgang f\u00fcr seine Trainer Fifa Pro Lizenz). Und dennoch selbstbewusst wie man ihn in der Vergangenheit wahrgenommen hat.<\/p>\n<p>Anzeige<\/p>\n<p>\t\t\t<img loading=\"lazy\" decoding=\"async\" src=\"https:\/\/www.europesays.com\/de\/wp-content\/uploads\/2025\/06\/avvswipe_trendyone_flying_carpet_360x600px_web.jpg\" alt=\"avvswipe_trendyone_flying_carpet_360x600px_web\" width=\"380\" height=\"600\"\/><\/p>\n<p>\t\t\t\t<a href=\"https:\/\/www.avv-augsburg.de\/tickets-und-tarife\/avvswipe?mtm_campaign=AVVswipe&amp;mtm_kwd=Launch&amp;mtm_source=TrendyOne  \" class=\"flying-carpet-link\" target=\"_blank\" rel=\"nofollow noopener\"><\/p>\n<p> Auf die Frage, wie er sich selbst als ehemaliger TV-Kommentator einsch\u00e4tze, kam ein kurzes: &#8222;Nat\u00fcrlich nur positiv!&#8220;<\/p>\n<p>Was zu beweisen ist, aber jetzt beginnt die Arbeit und die beinhalte: einen aktiven Fu\u00dfball, &#8222;denn das ist meine DNA\u201c.Er spreche allerdings nicht von einem Hauruck\u2011Angriff, sondern neben einem mutigen, einen ebenso abwechslungsreicheren Fu\u00dfball, der \u201eauch wehtun kann\u201c. Er wolle sich \u201enicht das Buch des Gegners diktieren lassen\u201c, vielmehr seine eigene Spielidee durchsetzen.<br \/>Eine optimale Menschenf\u00fchrung sei f\u00fcr ihn \u201eder Schl\u00fcssel, um ein guter Trainer zu sein. Er wolle souver\u00e4n kommunizieren und die Meinungen der Spieler einbeziehen. Viele Ideen trage er hierf\u00fcr schon seit Jahren mit sich. Neu werde bei ihm jedoch sein, dass es wohl keinen Mannschaftsrat mehr geben werde.\u00a0<\/p>\n<p>Auskunft \u00fcber einen anvisierten Tabellenplatz wollte er keine geben. Hier betonte daf\u00fcr Michael Str\u00f6ll, dass man schon seit l\u00e4ngerem eine Top 10 Platzierung anstrebe.<\/p>\n<p>Die Wahrheit &#8211; Achtung Phrase &#8211; werden wir dann auf dem Platz sehen.            <\/p>\n","protected":false},"excerpt":{"rendered":"07.07.25 &#8222;Es ist geil, Trainer vom FCA zu sein!&#8220; Der Pressekonferenz-Raum war so voll wie w\u00e4hrend der Saison&hellip;\n","protected":false},"author":2,"featured_media":250290,"comment_status":"","ping_status":"","sticky":false,"template":"","format":"standard","meta":{"footnotes":""},"categories":[1846],"tags":[680,772,3364,29,548,663,3934,30,13,14,15,12],"class_list":{"0":"post-250289","1":"post","2":"type-post","3":"status-publish","4":"format-standard","5":"has-post-thumbnail","7":"category-augsburg","8":"tag-augsburg","9":"tag-bayern","10":"tag-de","11":"tag-deutschland","12":"tag-eu","13":"tag-europa","14":"tag-europe","15":"tag-germany","16":"tag-headlines","17":"tag-nachrichten","18":"tag-news","19":"tag-schlagzeilen"},"share_on_mastodon":{"url":"https:\/\/pubeurope.com\/@de\/114814031382294129","error":""},"_links":{"self":[{"href":"https:\/\/www.europesays.com\/de\/wp-json\/wp\/v2\/posts\/250289","targetHints":{"allow":["GET"]}}],"collection":[{"href":"https:\/\/www.europesays.com\/de\/wp-json\/wp\/v2\/posts"}],"about":[{"href":"https:\/\/www.europesays.com\/de\/wp-json\/wp\/v2\/types\/post"}],"author":[{"embeddable":true,"href":"https:\/\/www.europesays.com\/de\/wp-json\/wp\/v2\/users\/2"}],"replies":[{"embeddable":true,"href":"https:\/\/www.europesays.com\/de\/wp-json\/wp\/v2\/comments?post=250289"}],"version-history":[{"count":0,"href":"https:\/\/www.europesays.com\/de\/wp-json\/wp\/v2\/posts\/250289\/revisions"}],"wp:featuredmedia":[{"embeddable":true,"href":"https:\/\/www.europesays.com\/de\/wp-json\/wp\/v2\/media\/250290"}],"wp:attachment":[{"href":"https:\/\/www.europesays.com\/de\/wp-json\/wp\/v2\/media?parent=250289"}],"wp:term":[{"taxonomy":"category","embeddable":true,"href":"https:\/\/www.europesays.com\/de\/wp-json\/wp\/v2\/categories?post=250289"},{"taxonomy":"post_tag","embeddable":true,"href":"https:\/\/www.europesays.com\/de\/wp-json\/wp\/v2\/tags?post=250289"}],"curies":[{"name":"wp","href":"https:\/\/api.w.org\/{rel}","templated":true}]}}