{"id":250298,"date":"2025-07-07T21:21:19","date_gmt":"2025-07-07T21:21:19","guid":{"rendered":"https:\/\/www.europesays.com\/de\/250298\/"},"modified":"2025-07-07T21:21:19","modified_gmt":"2025-07-07T21:21:19","slug":"nach-abschied-von-greuther-fuerth-preussen-muenster-holt-marco-meyerhoefer","status":"publish","type":"post","link":"https:\/\/www.europesays.com\/de\/250298\/","title":{"rendered":"Nach Abschied von Greuther F\u00fcrth: Preu\u00dfen M\u00fcnster holt Marco Meyerh\u00f6fer"},"content":{"rendered":"<p>Verteidiger mit Bundesliga-Erfahrung\u00a0<\/p>\n<p>                                    <img decoding=\"async\" src=\"https:\/\/www.europesays.com\/de\/wp-content\/uploads\/2025\/07\/marco-meyerhofer-spvgg-greuther-furth-2022-1669635245-97577.jpg\" title=\"Nach Abschied von Greuther F\u00fcrth: Preu\u00dfen M\u00fcnster holt Marco Meyerh\u00f6fer\" alt=\"Nach Abschied von Greuther F\u00fcrth: Preu\u00dfen M\u00fcnster holt Marco Meyerh\u00f6fer\"\/><\/p>\n<p>\n                                       \u00a9IMAGO\n                                    <\/p>\n<p><a title=\"Preu\u00dfen M\u00fcnster\" href=\"https:\/\/www.transfermarkt.ch\/preu-en-m-nster\/startseite\/verein\/91\" target=\"_blank\" rel=\"noopener\">Preu\u00dfen M\u00fcnster<\/a>\u00a0hat den <a href=\"https:\/\/www.transfermarkt.ch\/preussen-munster\/transfers\/verein\/91\/saison_id\/2025\" target=\"_blank\" rel=\"noopener\">sechsten Neuzugang<\/a> perfekt gemacht. Verteidiger\u00a0<a title=\"Marco Meyerh\u00f6fer\" href=\"https:\/\/www.transfermarkt.ch\/marco-meyerh-fer\/profil\/spieler\/196084\" target=\"_blank\" rel=\"noopener\">Marco Meyerh\u00f6fer<\/a> kommt nach seinem Abschied von der\u00a0<a title=\"SpVgg Greuther F\u00fcrth\" href=\"https:\/\/www.transfermarkt.ch\/spvgg-greuther-f-rth\/startseite\/verein\/65\" target=\"_blank\" rel=\"noopener\">SpVgg Greuther F\u00fcrth<\/a> abl\u00f6sefrei. Beim Kleeblatt war der auslaufende Vertrag des 29-J\u00e4hrigen nicht verl\u00e4ngert worden. Meyerh\u00f6fer kann bislang 116 Zweitliga- und 26 Bundesliga-Partien nachweisen. Genauso h\u00e4ufig stand der neue St\u00fcrmer\u00a0<a title=\"Oscar Vilhelmsson\" href=\"https:\/\/www.transfermarkt.ch\/oscar-vilhelmsson\/profil\/spieler\/673071\" target=\"_blank\" rel=\"noopener\">Oscar Vilhelmsson<\/a>\u00a0(21) im Oberhaus auf dem Platz, <a href=\"https:\/\/www.transfermarkt.ch\/preussen-munster\/erfahrung\/verein\/91\/plus\/0?wettbewerbAuswahl=L1\" target=\"_blank\" rel=\"noopener\">ansonsten hat niemand im Team mehr Bundesliga-Erfahrung.<\/a><\/p>\n<p><\/p>\n<p>\u201eMarco ist ein richtig guter Fu\u00dfballer und hat das \u00fcber Jahre hinweg in F\u00fcrth auf einem hohen Niveau bewiesen. Unser Spielsystem ist sehr dynamisch und da hilft es, wenn sich Spieler auf unterschiedlichen Positionen wohlf\u00fchlen. Auch das bringt Marco mit\u201c, erkl\u00e4rte Sportchef Ole Kittner.<\/p>\n<p><\/p>\n<p>Meyerh\u00f6fer sagte: \u201eIch hatte richtig gute Gespr\u00e4che mit dem Coach und mit Ole Kittner und freue mich jetzt total auf die Aufgabe hier. Die Spielidee, die mir der Trainer aufgezeigt hat, passt sehr gut zu mir und ich denke, dass ich hier meine bestm\u00f6gliche Leistung bringen kann. Ich habe in den letzten beiden Spielen gegen M\u00fcnster gesehen, welche Stimmung hier herrscht, was mit der Mannschaft und in dem Umfeld m\u00f6glich ist. Deshalb habe ich richtig Bock auf diese Aufgabe.\u201c<\/p>\n<p><\/p>\n","protected":false},"excerpt":{"rendered":"Verteidiger mit Bundesliga-Erfahrung\u00a0 \u00a9IMAGO Preu\u00dfen M\u00fcnster\u00a0hat den sechsten Neuzugang perfekt gemacht. Verteidiger\u00a0Marco Meyerh\u00f6fer kommt nach seinem Abschied von&hellip;\n","protected":false},"author":2,"featured_media":250299,"comment_status":"","ping_status":"","sticky":false,"template":"","format":"standard","meta":{"footnotes":""},"categories":[1843],"tags":[621,3364,29,30,76934,8970,1209,72391,7650,8306],"class_list":{"0":"post-250298","1":"post","2":"type-post","3":"status-publish","4":"format-standard","5":"has-post-thumbnail","7":"category-muenster","8":"tag-2-bundesliga","9":"tag-de","10":"tag-deutschland","11":"tag-germany","12":"tag-marco-meyerhoefer","13":"tag-muenster","14":"tag-nordrhein-westfalen","15":"tag-oscar-vilhelmsson","16":"tag-preussen-muenster","17":"tag-spvgg-greuther-fuerth"},"share_on_mastodon":{"url":"https:\/\/pubeurope.com\/@de\/114814051250993527","error":""},"_links":{"self":[{"href":"https:\/\/www.europesays.com\/de\/wp-json\/wp\/v2\/posts\/250298","targetHints":{"allow":["GET"]}}],"collection":[{"href":"https:\/\/www.europesays.com\/de\/wp-json\/wp\/v2\/posts"}],"about":[{"href":"https:\/\/www.europesays.com\/de\/wp-json\/wp\/v2\/types\/post"}],"author":[{"embeddable":true,"href":"https:\/\/www.europesays.com\/de\/wp-json\/wp\/v2\/users\/2"}],"replies":[{"embeddable":true,"href":"https:\/\/www.europesays.com\/de\/wp-json\/wp\/v2\/comments?post=250298"}],"version-history":[{"count":0,"href":"https:\/\/www.europesays.com\/de\/wp-json\/wp\/v2\/posts\/250298\/revisions"}],"wp:featuredmedia":[{"embeddable":true,"href":"https:\/\/www.europesays.com\/de\/wp-json\/wp\/v2\/media\/250299"}],"wp:attachment":[{"href":"https:\/\/www.europesays.com\/de\/wp-json\/wp\/v2\/media?parent=250298"}],"wp:term":[{"taxonomy":"category","embeddable":true,"href":"https:\/\/www.europesays.com\/de\/wp-json\/wp\/v2\/categories?post=250298"},{"taxonomy":"post_tag","embeddable":true,"href":"https:\/\/www.europesays.com\/de\/wp-json\/wp\/v2\/tags?post=250298"}],"curies":[{"name":"wp","href":"https:\/\/api.w.org\/{rel}","templated":true}]}}