{"id":250304,"date":"2025-07-07T21:24:09","date_gmt":"2025-07-07T21:24:09","guid":{"rendered":"https:\/\/www.europesays.com\/de\/250304\/"},"modified":"2025-07-07T21:24:09","modified_gmt":"2025-07-07T21:24:09","slug":"wuppertaler-auslaenderamt-soll-trotz-neuer-stellen-begutachtet-werden","status":"publish","type":"post","link":"https:\/\/www.europesays.com\/de\/250304\/","title":{"rendered":"Wuppertaler Ausl\u00e4nderamt soll trotz neuer Stellen begutachtet werden"},"content":{"rendered":"<p class=\"text_ohne_einzug richtext text-em-55 !leading-serif mx-6 desktop:mx-0\">Gerade erst hat die Wuppertaler Verwaltung die Notbremse gezogen: Mit 60 Stellen sollen die gro\u00dfen Probleme im Ausl\u00e4nderamt, im Einwohnermeldeamt, in anderen \u00c4mtern oder auch nur bei der Baumaufsicht behoben werden. Dort fehlen jeweils Mitarbeiterinnen und Mitarbeiter, um den anstehenden Aufgaben Herr zu werden. Stattdessen geht Vertrauen der B\u00fcrger verloren. Jetzt ist auch klar: Obwohl rund 15 bis 17 Stellen aus diesem neu geschaffenen Pool nach Informationen unserer Zeitung an das Ausl\u00e4nderamt gehen sollen, halten die Fraktionen von CDU und SPD im Stadtrat an ihrem gemeinsamen Antrag fest, eine externe Organisationsuntersuchung der Ausl\u00e4nderbeh\u00f6rde durchf\u00fchren zu lassen.<\/p>\n","protected":false},"excerpt":{"rendered":"Gerade erst hat die Wuppertaler Verwaltung die Notbremse gezogen: Mit 60 Stellen sollen die gro\u00dfen Probleme im Ausl\u00e4nderamt,&hellip;\n","protected":false},"author":2,"featured_media":250305,"comment_status":"","ping_status":"","sticky":false,"template":"","format":"standard","meta":{"footnotes":""},"categories":[1840],"tags":[33823,10339,9511,76938,27422,61353,29921,25239,31,3364,29,76935,30,42387,76937,3659,1209,76936,184,17075,4418],"class_list":{"0":"post-250304","1":"post","2":"type-post","3":"status-publish","4":"format-standard","5":"has-post-thumbnail","7":"category-wuppertal","8":"tag-gutachten","9":"tag-antrag","10":"tag-antraege","11":"tag-aufrechterhalten","12":"tag-auslaender","13":"tag-auslaenderamt","14":"tag-auslaenderbehoerde","15":"tag-behoerde","16":"tag-cdu","17":"tag-de","18":"tag-deutschland","19":"tag-externe","20":"tag-germany","21":"tag-halten","22":"tag-heraushalten","23":"tag-integration","24":"tag-nordrhein-westfalen","25":"tag-organisationsgutachtens","26":"tag-spd","27":"tag-verwaltung","28":"tag-wuppertal"},"share_on_mastodon":{"url":"","error":""},"_links":{"self":[{"href":"https:\/\/www.europesays.com\/de\/wp-json\/wp\/v2\/posts\/250304","targetHints":{"allow":["GET"]}}],"collection":[{"href":"https:\/\/www.europesays.com\/de\/wp-json\/wp\/v2\/posts"}],"about":[{"href":"https:\/\/www.europesays.com\/de\/wp-json\/wp\/v2\/types\/post"}],"author":[{"embeddable":true,"href":"https:\/\/www.europesays.com\/de\/wp-json\/wp\/v2\/users\/2"}],"replies":[{"embeddable":true,"href":"https:\/\/www.europesays.com\/de\/wp-json\/wp\/v2\/comments?post=250304"}],"version-history":[{"count":0,"href":"https:\/\/www.europesays.com\/de\/wp-json\/wp\/v2\/posts\/250304\/revisions"}],"wp:featuredmedia":[{"embeddable":true,"href":"https:\/\/www.europesays.com\/de\/wp-json\/wp\/v2\/media\/250305"}],"wp:attachment":[{"href":"https:\/\/www.europesays.com\/de\/wp-json\/wp\/v2\/media?parent=250304"}],"wp:term":[{"taxonomy":"category","embeddable":true,"href":"https:\/\/www.europesays.com\/de\/wp-json\/wp\/v2\/categories?post=250304"},{"taxonomy":"post_tag","embeddable":true,"href":"https:\/\/www.europesays.com\/de\/wp-json\/wp\/v2\/tags?post=250304"}],"curies":[{"name":"wp","href":"https:\/\/api.w.org\/{rel}","templated":true}]}}