{"id":250306,"date":"2025-07-07T21:25:14","date_gmt":"2025-07-07T21:25:14","guid":{"rendered":"https:\/\/www.europesays.com\/de\/250306\/"},"modified":"2025-07-07T21:25:14","modified_gmt":"2025-07-07T21:25:14","slug":"bau-turbo-der-bundesregierung-stoesst-in-wuppertal-auf-starke-skepsis","status":"publish","type":"post","link":"https:\/\/www.europesays.com\/de\/250306\/","title":{"rendered":"Bau-Turbo der Bundesregierung st\u00f6\u00dft in Wuppertal auf starke Skepsis"},"content":{"rendered":"<p class=\"text_ohne_einzug richtext text-em-55 !leading-serif mx-6 desktop:mx-0\">Um den Bau neuer Wohnungen in Deutschland zu beschleunigen, hat die Bundesregierung einen \u201eBau-Turbo\u201c beschlossen. Davon profitieren sollen kommunale Planungs- und Genehmigungsbeh\u00f6rden, die Bauwirtschaft sowie B\u00fcrgerinnen und B\u00fcrger insbesondere in verdichteten Siedlungsgebieten, wie es Bundesbauministerin Verena Hubertz (SPD) formuliert. In Wuppertal st\u00f6\u00dft der Bau-Turbo aber auf arg verhaltene Resonanz. Laut Baudezernent Gunnar Ohrndorf begr\u00fc\u00dfe man den Bau-Booster grunds\u00e4tzlich als Anliegen, den Wohnungsbau beschleunigen zu wollen. Dessen Umsetzung d\u00fcrfte allerdings schwieriger werden, als es die griffige Bezeichnung ahnen l\u00e4sst, so die Einsch\u00e4tzung des Dezernenten. <\/p>\n","protected":false},"excerpt":{"rendered":"Um den Bau neuer Wohnungen in Deutschland zu beschleunigen, hat die Bundesregierung einen \u201eBau-Turbo\u201c beschlossen. Davon profitieren sollen&hellip;\n","protected":false},"author":2,"featured_media":250307,"comment_status":"","ping_status":"","sticky":false,"template":"","format":"standard","meta":{"footnotes":""},"categories":[1840],"tags":[6399,76941,4488,76943,1173,3364,29,30,76945,1209,66832,58291,76940,76939,12456,5337,76944,2192,76942,4418],"class_list":{"0":"post-250306","1":"post","2":"type-post","3":"status-publish","4":"format-standard","5":"has-post-thumbnail","7":"category-wuppertal","8":"tag-bau","9":"tag-beschleunigen","10":"tag-bund","11":"tag-bundesbauministerium","12":"tag-bundesregierung","13":"tag-de","14":"tag-deutschland","15":"tag-germany","16":"tag-mieterbund","17":"tag-nordrhein-westfalen","18":"tag-ohrndorf","19":"tag-regelung","20":"tag-sonderregelung","21":"tag-stoesst","22":"tag-turbo","23":"tag-wohnungen","24":"tag-wohnungs","25":"tag-wohnungsbau","26":"tag-wohnungsbauunternehmen","27":"tag-wuppertal"},"share_on_mastodon":{"url":"https:\/\/pubeurope.com\/@de\/114814066910680927","error":""},"_links":{"self":[{"href":"https:\/\/www.europesays.com\/de\/wp-json\/wp\/v2\/posts\/250306","targetHints":{"allow":["GET"]}}],"collection":[{"href":"https:\/\/www.europesays.com\/de\/wp-json\/wp\/v2\/posts"}],"about":[{"href":"https:\/\/www.europesays.com\/de\/wp-json\/wp\/v2\/types\/post"}],"author":[{"embeddable":true,"href":"https:\/\/www.europesays.com\/de\/wp-json\/wp\/v2\/users\/2"}],"replies":[{"embeddable":true,"href":"https:\/\/www.europesays.com\/de\/wp-json\/wp\/v2\/comments?post=250306"}],"version-history":[{"count":0,"href":"https:\/\/www.europesays.com\/de\/wp-json\/wp\/v2\/posts\/250306\/revisions"}],"wp:featuredmedia":[{"embeddable":true,"href":"https:\/\/www.europesays.com\/de\/wp-json\/wp\/v2\/media\/250307"}],"wp:attachment":[{"href":"https:\/\/www.europesays.com\/de\/wp-json\/wp\/v2\/media?parent=250306"}],"wp:term":[{"taxonomy":"category","embeddable":true,"href":"https:\/\/www.europesays.com\/de\/wp-json\/wp\/v2\/categories?post=250306"},{"taxonomy":"post_tag","embeddable":true,"href":"https:\/\/www.europesays.com\/de\/wp-json\/wp\/v2\/tags?post=250306"}],"curies":[{"name":"wp","href":"https:\/\/api.w.org\/{rel}","templated":true}]}}