{"id":250310,"date":"2025-07-07T21:27:11","date_gmt":"2025-07-07T21:27:11","guid":{"rendered":"https:\/\/www.europesays.com\/de\/250310\/"},"modified":"2025-07-07T21:27:11","modified_gmt":"2025-07-07T21:27:11","slug":"bauarbeiter-56-von-stein-erschlagen","status":"publish","type":"post","link":"https:\/\/www.europesays.com\/de\/250310\/","title":{"rendered":"Bauarbeiter (56) von Stein erschlagen"},"content":{"rendered":"<p>Trag\u00f6die in BochumBauarbeiter (56) von Stein erschlagen<img alt=\"Der Lastwagenfahrer musste umgehend not\u00e4rztlich behandelt werden. (Symbolbild)\" loading=\"lazy\" width=\"940\" height=\"529\" decoding=\"async\" data-nimg=\"1\" class=\"Image_image__SdgLQ Picture_image__vGN9W\" style=\"color:transparent\"   src=\"https:\/\/www.europesays.com\/de\/wp-content\/uploads\/2025\/07\/der-lastwagenfahrer-musste-umgehend-notaerztlich-behandelt-werden-symbolbild.webp.webp\"\/><\/p>\n<p>F\u00fcr den Bauarbeiter kam jede Hilfe zu sp\u00e4t. (Symbolbild)<\/p>\n<p>Monika Skolimowska\/dpa<\/p>\n<p>7. Juli 2025 um 22:47 Uhr<\/p>\n<p class=\"Typography_text-default__wldUd Typography_align-left__koBUM AnnotatedMarkup_paragraph__IUT9l\"><strong>Grauenvoller Unfall auf der Baustelle!<\/strong><br \/>W\u00e4hrend ein Kran in Bochum Material verl\u00e4dt, l\u00f6st sich pl\u00f6tzlich ein Stein und f\u00e4llt in die Tiefe. Ein 56-J\u00e4hriger wird von dem Brocken getroffen und t\u00f6dlich verletzt. Die Polizei ermittelt nun zu den Umst\u00e4nden.<\/p>\n<p>Mann stirbt auf Baustelle in Bochum<\/p>\n<p class=\"Typography_text-default__wldUd Typography_align-left__koBUM AnnotatedMarkup_paragraph__IUT9l\">Ein Arbeiter ist auf einer Baustelle in Bochum von einem herabst\u00fcrzenden Stein getroffen und t\u00f6dlich verletzt worden. Wie die Polizei mitteilte, war der Mann am Montagmorgen (7. Juli) auf dem Areal im Einsatz, als sich aus ungekl\u00e4rter Ursache Ladung von einem Kran l\u00f6ste. Mindestens ein Stein sei aus gro\u00dfer H\u00f6he hinabgest\u00fcrzt und habe den Mann getroffen. Ein Notarzt habe den Mann nicht mehr retten k\u00f6nnen.<\/p>\n<p class=\"Typography_text-default__wldUd Typography_align-left__koBUM AnnotatedMarkup_paragraph__IUT9l\"><strong>Lese-Tipp: <\/strong><a href=\"https:\/\/www.rtl.de\/news\/horb-baden-wuerttemberg-drei-bauarbeiter-stuerzen-mit-gondel-in-den-tod-id4371069.html\" target=\"_self\" rel=\"noopener\">Drei Bauarbeiter st\u00fcrzen mit Gondel in den Tod<\/a><\/p>\n<p class=\"Typography_text-default__wldUd Typography_align-left__koBUM AnnotatedMarkup_paragraph__IUT9l\">Laut Polizei ermittelt nun ein Kriminalkommissariat, wie es zu dem Vorfall kommen konnte, ob wom\u00f6glich Fahrl\u00e4ssigkeit urs\u00e4chlich gewesen sei. Man werde untersuchen, warum sich die Ladung l\u00f6sen konnte und was genau hinabfiel. Zur Person des Get\u00f6teten wurden zun\u00e4chst keine Angaben gemacht.<\/p>\n<p>Video-Tipp: Leiche auf der Baustelle! Arbeiter machen Gruselfund<\/p>\n<p>00:48 min<\/p>\n<p>Pl\u00f6tzlich taucht ein Sch\u00e4del auf<\/p>\n<p>Leiche auf der Baustelle! Arbeiter machen Gruselfund<\/p>\n<p>Anzeige:<\/p>\n<p>Empfehlungen unserer Partner<\/p>\n<p>Baustelle vorerst abgeriegelt<\/p>\n<p class=\"Typography_text-default__wldUd Typography_align-left__koBUM AnnotatedMarkup_paragraph__IUT9l\">Das Amt f\u00fcr Arbeitsschutz in Dortmund sei informiert worden und werde die Gegebenheiten auf der Baustelle genau unter die Lupe nehmen, schilderte der Polizeisprecher. Die Baustelle habe man abgeriegelt. Den Besch\u00e4ftigten auf dem Areal seien Notfallseelsorger zur Seite gestellt worden. (fkl\/dpa)<\/p>\n","protected":false},"excerpt":{"rendered":"Trag\u00f6die in BochumBauarbeiter (56) von Stein erschlagen F\u00fcr den Bauarbeiter kam jede Hilfe zu sp\u00e4t. (Symbolbild) Monika Skolimowska\/dpa&hellip;\n","protected":false},"author":2,"featured_media":250311,"comment_status":"","ping_status":"","sticky":false,"template":"","format":"standard","meta":{"footnotes":""},"categories":[1839],"tags":[331,338,332,339,5184,2461,7507,3364,29,344,342,343,30,335,329,336,334,341,330,337,333,1209,328,327,12,340],"class_list":{"0":"post-250310","1":"post","2":"type-post","3":"status-publish","4":"format-standard","5":"has-post-thumbnail","7":"category-bochum","8":"tag-aktuelle-nachrichten","9":"tag-aktuelle-nachrichten-auf-einen-blick","10":"tag-aktuelle-news","11":"tag-aktuelle-themen-in-der-welt","12":"tag-arbeitsunfall","13":"tag-baustelle","14":"tag-bochum","15":"tag-de","16":"tag-deutschland","17":"tag-ems_-news","18":"tag-ems_news_newsausland","19":"tag-ems_news_newsinland","20":"tag-germany","21":"tag-nachrichten-aus-aller-welt","22":"tag-nachrichten-deutschland","23":"tag-nachrichten-heute","24":"tag-nachrichten-international","25":"tag-nachrichten-usa","26":"tag-news-deutschland","27":"tag-news-heute","28":"tag-news-international","29":"tag-nordrhein-westfalen","30":"tag-rtl-nachrichten","31":"tag-rtl-news","32":"tag-schlagzeilen","33":"tag-usa-news"},"share_on_mastodon":{"url":"https:\/\/pubeurope.com\/@de\/114814074510046103","error":""},"_links":{"self":[{"href":"https:\/\/www.europesays.com\/de\/wp-json\/wp\/v2\/posts\/250310","targetHints":{"allow":["GET"]}}],"collection":[{"href":"https:\/\/www.europesays.com\/de\/wp-json\/wp\/v2\/posts"}],"about":[{"href":"https:\/\/www.europesays.com\/de\/wp-json\/wp\/v2\/types\/post"}],"author":[{"embeddable":true,"href":"https:\/\/www.europesays.com\/de\/wp-json\/wp\/v2\/users\/2"}],"replies":[{"embeddable":true,"href":"https:\/\/www.europesays.com\/de\/wp-json\/wp\/v2\/comments?post=250310"}],"version-history":[{"count":0,"href":"https:\/\/www.europesays.com\/de\/wp-json\/wp\/v2\/posts\/250310\/revisions"}],"wp:featuredmedia":[{"embeddable":true,"href":"https:\/\/www.europesays.com\/de\/wp-json\/wp\/v2\/media\/250311"}],"wp:attachment":[{"href":"https:\/\/www.europesays.com\/de\/wp-json\/wp\/v2\/media?parent=250310"}],"wp:term":[{"taxonomy":"category","embeddable":true,"href":"https:\/\/www.europesays.com\/de\/wp-json\/wp\/v2\/categories?post=250310"},{"taxonomy":"post_tag","embeddable":true,"href":"https:\/\/www.europesays.com\/de\/wp-json\/wp\/v2\/tags?post=250310"}],"curies":[{"name":"wp","href":"https:\/\/api.w.org\/{rel}","templated":true}]}}