{"id":250318,"date":"2025-07-07T21:31:14","date_gmt":"2025-07-07T21:31:14","guid":{"rendered":"https:\/\/www.europesays.com\/de\/250318\/"},"modified":"2025-07-07T21:31:14","modified_gmt":"2025-07-07T21:31:14","slug":"gedenken-an-opfer-der-anschlaege-in-london-vor-20-jahren-3","status":"publish","type":"post","link":"https:\/\/www.europesays.com\/de\/250318\/","title":{"rendered":"Gedenken an Opfer der Anschl\u00e4ge in London vor 20 Jahren"},"content":{"rendered":"<p>                    <img decoding=\"async\" loading=\"lazy\" class=\"internal-image\" title=\"Londons B\u00fcrgermeister Sadiq Khan (l) und der britische Premierminister Keir Starmer legen einen Kranz am 7\/7-Memorial im Hyde Park nieder, um den Jahrestag der Terroranschl\u00e4ge in London am 7. Juli 2005 zu begehen, bei denen 52 Menschen get\u00f6tet wurden.\" alt=\"Londons B\u00fcrgermeister Sadiq Khan (l) und der britische Premierminister Keir Starmer legen einen Kranz am 7\/7-Memorial im Hyde Park nieder, um den Jahrestag der Terroranschl\u00e4ge in London am 7. Juli 2005 zu begehen, bei denen 52 Menschen get\u00f6tet wurden.\" src=\"https:\/\/www.europesays.com\/de\/wp-content\/uploads\/2025\/07\/grossbritannien-london-gedenken-anschlag-opfer-starmer-khan-kranz-hyde-park-100-1920x1080.jpg\" \/><\/p>\n<p>                  Londons B\u00fcrgermeister Sadiq Khan (l.) und der britische Premierminister Keir Starmer legen einen Kranz am 7\/7-Memorial im Hyde Park nieder. (Stefan Rousseau \/ PA \/ AP \/ dpa \/ Stefan Rousseau)<\/p>\n<p>An einem Gottesdienst in der Londoner St.-Paul&#8217;s-Kathedrale nahmen neben Premierminister Starmer auch Prinz Edward und seine Frau Sophie teil, au\u00dferdem \u00dcberlebende, Hinterbliebene und Rettungskr\u00e4fte. W\u00e4hrend der Zeremonie wurden die Namen der Opfer verlesen. Am Morgen legten Starmer und Londons B\u00fcrgermeister Khan an der Gedenkst\u00e4tte im Hyde Park einen Kranz nieder. Im U-Bahnnetz, wo die meisten der Anschl\u00e4ge geschahen, wurde der Opfer mit einer Schweigeminute gedacht. &#8211; Bei den Bombenexplosionen vor 20 Jahren rissen vier Attent\u00e4ter 52 Menschen mit sich in den Tod. Es gab mehr als 770 Verletzte.<\/p>\n<p>Diese Nachricht wurde am 07.07.2025 im Programm Deutschlandfunk gesendet.<\/p>\n","protected":false},"excerpt":{"rendered":"Londons B\u00fcrgermeister Sadiq Khan (l.) und der britische Premierminister Keir Starmer legen einen Kranz am 7\/7-Memorial im Hyde&hellip;\n","protected":false},"author":2,"featured_media":249580,"comment_status":"","ping_status":"","sticky":false,"template":"","format":"standard","meta":{"footnotes":""},"categories":[3976],"tags":[331,332,13,14,15,12,3992,3993,3994,3995,3996,3997],"class_list":{"0":"post-250318","1":"post","2":"type-post","3":"status-publish","4":"format-standard","5":"has-post-thumbnail","7":"category-vereinigtes-koenigreich","8":"tag-aktuelle-nachrichten","9":"tag-aktuelle-news","10":"tag-headlines","11":"tag-nachrichten","12":"tag-news","13":"tag-schlagzeilen","14":"tag-uk","15":"tag-united-kingdom","16":"tag-united-kingdom-of-great-britain-and-northern-ireland","17":"tag-vereinigtes-koenigreich","18":"tag-vereinigtes-koenigreich-grossbritannien-und-nordirland","19":"tag-vereinigtes-koenigreich-von-grossbritannien-und-nordirland"},"share_on_mastodon":{"url":"https:\/\/pubeurope.com\/@de\/114814090250197293","error":""},"_links":{"self":[{"href":"https:\/\/www.europesays.com\/de\/wp-json\/wp\/v2\/posts\/250318","targetHints":{"allow":["GET"]}}],"collection":[{"href":"https:\/\/www.europesays.com\/de\/wp-json\/wp\/v2\/posts"}],"about":[{"href":"https:\/\/www.europesays.com\/de\/wp-json\/wp\/v2\/types\/post"}],"author":[{"embeddable":true,"href":"https:\/\/www.europesays.com\/de\/wp-json\/wp\/v2\/users\/2"}],"replies":[{"embeddable":true,"href":"https:\/\/www.europesays.com\/de\/wp-json\/wp\/v2\/comments?post=250318"}],"version-history":[{"count":0,"href":"https:\/\/www.europesays.com\/de\/wp-json\/wp\/v2\/posts\/250318\/revisions"}],"wp:featuredmedia":[{"embeddable":true,"href":"https:\/\/www.europesays.com\/de\/wp-json\/wp\/v2\/media\/249580"}],"wp:attachment":[{"href":"https:\/\/www.europesays.com\/de\/wp-json\/wp\/v2\/media?parent=250318"}],"wp:term":[{"taxonomy":"category","embeddable":true,"href":"https:\/\/www.europesays.com\/de\/wp-json\/wp\/v2\/categories?post=250318"},{"taxonomy":"post_tag","embeddable":true,"href":"https:\/\/www.europesays.com\/de\/wp-json\/wp\/v2\/tags?post=250318"}],"curies":[{"name":"wp","href":"https:\/\/api.w.org\/{rel}","templated":true}]}}