{"id":250319,"date":"2025-07-07T21:32:13","date_gmt":"2025-07-07T21:32:13","guid":{"rendered":"https:\/\/www.europesays.com\/de\/250319\/"},"modified":"2025-07-07T21:32:13","modified_gmt":"2025-07-07T21:32:13","slug":"grosser-brand-wuetet-auf-1000-hektar-im-sueden-frankreichs","status":"publish","type":"post","link":"https:\/\/www.europesays.com\/de\/250319\/","title":{"rendered":"Gro\u00dfer Brand w\u00fctet auf 1000 Hektar im S\u00fcden Frankreichs"},"content":{"rendered":"<p>      Gro\u00dfer Brand w\u00fctet auf 1000 Hektar im S\u00fcden Frankreichs<\/p>\n<p>            Kopiere den aktuellen Link<\/p>\n<p>          Zur Merkliste hinzuf\u00fcgen<\/p>\n<p>Im S\u00fcden Frankreichs ist ein gro\u00dfer Waldbrand ausgebrochen. Die Anwohner wurden nach Beh\u00f6rdenangaben vom Montag aufgefordert, in ihren H\u00e4usern zu bleiben. Ein Abschnitt der Autobahn A9 zwischen Frankreich und Spanien wurde dem Betreiber zufolge in beide Richtungen gesperrt. Das Feuer war am Nachmittag aus zun\u00e4chst unbekannter Ursache auf einem Weingut ausgebrochen und w\u00fctete auf 1000 Hektar Vegetation.<\/p>\n<p class=\"typo-body-default\">400 Feuerwehrleute und mehrere L\u00f6schflugzeuge waren im Einsatz. Dennoch breitete sich das Feuer aus, wie es von der Pr\u00e4fektur von Aude hie\u00df.<\/p>\n<p class=\"typo-body-default\">Ein Fotograf der Nachrichtenagentur AFP sah mehrere Dutzend Meter hohe Flammen und eine dicke schwarze Rauchwolke aus einem Wald aufsteigen. Angefacht durch starken Wind breitete sich das Feuer in der durch die D\u00fcrre ausgetrockneten Vegetation aus. Die Region war bereits vor rund anderthalb Wochen von Br\u00e4nden heimgesucht worden.<\/p>\n<p>\n    AFP\n  <\/p>\n","protected":false},"excerpt":{"rendered":"Gro\u00dfer Brand w\u00fctet auf 1000 Hektar im S\u00fcden Frankreichs Kopiere den aktuellen Link Zur Merkliste hinzuf\u00fcgen Im S\u00fcden&hellip;\n","protected":false},"author":2,"featured_media":250320,"comment_status":"","ping_status":"","sticky":false,"template":"","format":"standard","meta":{"footnotes":""},"categories":[3974],"tags":[331,332,548,663,3934,3980,156,13,14,15,12],"class_list":{"0":"post-250319","1":"post","2":"type-post","3":"status-publish","4":"format-standard","5":"has-post-thumbnail","7":"category-frankreich","8":"tag-aktuelle-nachrichten","9":"tag-aktuelle-news","10":"tag-eu","11":"tag-europa","12":"tag-europe","13":"tag-france","14":"tag-frankreich","15":"tag-headlines","16":"tag-nachrichten","17":"tag-news","18":"tag-schlagzeilen"},"share_on_mastodon":{"url":"https:\/\/pubeurope.com\/@de\/114814094234184323","error":""},"_links":{"self":[{"href":"https:\/\/www.europesays.com\/de\/wp-json\/wp\/v2\/posts\/250319","targetHints":{"allow":["GET"]}}],"collection":[{"href":"https:\/\/www.europesays.com\/de\/wp-json\/wp\/v2\/posts"}],"about":[{"href":"https:\/\/www.europesays.com\/de\/wp-json\/wp\/v2\/types\/post"}],"author":[{"embeddable":true,"href":"https:\/\/www.europesays.com\/de\/wp-json\/wp\/v2\/users\/2"}],"replies":[{"embeddable":true,"href":"https:\/\/www.europesays.com\/de\/wp-json\/wp\/v2\/comments?post=250319"}],"version-history":[{"count":0,"href":"https:\/\/www.europesays.com\/de\/wp-json\/wp\/v2\/posts\/250319\/revisions"}],"wp:featuredmedia":[{"embeddable":true,"href":"https:\/\/www.europesays.com\/de\/wp-json\/wp\/v2\/media\/250320"}],"wp:attachment":[{"href":"https:\/\/www.europesays.com\/de\/wp-json\/wp\/v2\/media?parent=250319"}],"wp:term":[{"taxonomy":"category","embeddable":true,"href":"https:\/\/www.europesays.com\/de\/wp-json\/wp\/v2\/categories?post=250319"},{"taxonomy":"post_tag","embeddable":true,"href":"https:\/\/www.europesays.com\/de\/wp-json\/wp\/v2\/tags?post=250319"}],"curies":[{"name":"wp","href":"https:\/\/api.w.org\/{rel}","templated":true}]}}