{"id":250344,"date":"2025-07-07T21:47:20","date_gmt":"2025-07-07T21:47:20","guid":{"rendered":"https:\/\/www.europesays.com\/de\/250344\/"},"modified":"2025-07-07T21:47:20","modified_gmt":"2025-07-07T21:47:20","slug":"festival-karierte-katze-musik-kultur-und-picknick-mitten-in-dresden","status":"publish","type":"post","link":"https:\/\/www.europesays.com\/de\/250344\/","title":{"rendered":"Festival Karierte Katze: Musik, Kultur und Picknick mitten in Dresden"},"content":{"rendered":"<p>Am Freitag geht es los. Die Katze wird wieder kariert. Aktuell ist die Crew um Impressario Holger John und den Veranstalter Markus Richter schon eifrig dabei, das Festivalgel\u00e4nde auszuschm\u00fccken. Wer Karos mag, wird das Festival auf der Wiese unter den Platanen lieben.<br \/>\n<img fetchpriority=\"high\" decoding=\"async\" src=\"https:\/\/www.europesays.com\/de\/wp-content\/uploads\/2025\/07\/2025-07-07-KarierteKatze1.jpg\" alt=\"Holger John (K\u00fcnstlerischer Leiter), Shirley Steiger (Vegane Fleischerei - pr\u00e4sentiert Conchita Wurst am 12.7.), Fatima (Musikerin - tritt bei der Karierten Katze am 12.7. auf), Alina Fenn (SachsenEnergie) und Markus Richter (Veranstalter Karierte Katze) v.l. - Foto: Anton Launer&#10;\" width=\"2400\" height=\"1350\" class=\"size-full wp-image-228797\"  \/>Holger John (K\u00fcnstlerischer Leiter), Shirley Steiger (Vegane Fleischerei \u2013 pr\u00e4sentiert Conchita Wurst am 12.7.), Fatima (Musikerin \u2013 tritt bei der Karierten Katze am 12.7. auf), Alina Fenn (SachsenEnergie) und Markus Richter (Veranstalter Karierte Katze) v.l. \u2013 Foto: Anton Launer\n<\/p>\n<p>Zum Auftakt gibt es ein dreit\u00e4giges Er\u00f6ffnungsfeuerwerk mit gro\u00dfer B\u00fchne. Conchita Wurst alias Tom Neuwirth, die sonst h\u00f6chstens auf dem Semperopernball zu erleben ist, wird die Katzenb\u00fchne genauso zum Beben bringen wie MiA., die nach l\u00e4ngerer Live-Pause endlich wieder auf Tour sind und nicht nur die Molek\u00fcle in Dresden tanzen lassen. Zu DJ Tomekks Beats tanzten letztes Jahr bereits Tausende auf der Katze. Er kommt wieder, weil, wie John sagt, auch die 90er zur\u00fcck sind. Dieses Mal bringt Tomekk Stargast Dante Thomas mit.\n<\/p>\n<p>Waldbewohner DJ Hundefriedhof \u00f6ffnet musikalisch am Freitag den Katzenk\u00e4fig. Die Shooting Stars der Stunde hei\u00dfen Liebestrunken, spielen ebenfalls am Er\u00f6ffnungsabend \u2013 und werden im kommenden Jahr sehr wahrscheinlich nur noch in gr\u00f6\u00dferen Locations zu erleben sein. Das sind<br \/>nur einige der \u00fcber 30 handverlesenen Acts. Los geht es am Freitag ab 16 Uhr und am Wochenende jeweils ab 12 Uhr.<br \/>\n<img loading=\"lazy\" decoding=\"async\" src=\"https:\/\/www.europesays.com\/de\/wp-content\/uploads\/2025\/07\/2025-06-25-MiA-Conchita.jpg\" alt=\"Spielen zum Er\u00f6ffnungswochenende auf: MiA am Sonntag, Foto: anna.k.o. und Conchita Wurst am Sonnabend - Foto: Lukas Feix,  WURSTTV.com\" width=\"2400\" height=\"1350\" class=\"size-full wp-image-228377\"  \/>Spielen zum Er\u00f6ffnungswochenende auf: MiA am Sonntag, Foto: anna.k.o. und Conchita Wurst am Sonnabend \u2013 Foto: Lukas Feix,  WURSTTV.com<br \/>\n<img loading=\"lazy\" decoding=\"async\" src=\"https:\/\/www.europesays.com\/de\/wp-content\/uploads\/2025\/07\/2025-06-25-Hundefriedhof.jpg\" alt=\"Hundefriedhof kommt am Freitag zur Karierten Katze - Foto: PR, DJ Hundefriedhof\" width=\"2400\" height=\"1800\" class=\"size-full wp-image-228378\"  \/>Hundefriedhof kommt am Freitag zur Karierten Katze \u2013 Foto: PR, DJ Hundefriedhof\n<\/p>\n<p>Redebeuler \u201eKatzenm\u00e4zen\u201c sorgt f\u00fcr kleinen Eintritt<\/p>\n<p>\u201eDas Beste kommt bei uns nicht zum Schluss, sondern kurz vor Katze. Ein Liebhaber der kuscheligen Vierbeiner \u2013 und insbesondere unseres karierten Exemplars \u2013 m\u00f6chte, dass so viele Menschen wie m\u00f6glich die grandiosen K\u00fcnstler am Er\u00f6ffnungswochenende erleben k\u00f6nnen, was genau unserer Festivalidee entspricht\u201c, sagt Richter. Der \u201aKatzenm\u00e4zen\u2018 m\u00f6chte inkognito bleiben, aber dank der Spende k\u00f6nnen die Macher das 3-Tage-Ticket von 58 auf 38 Euro senken. Die Tagestickets kosten 19 Euro, bzw. am Freitag 10 Euro. Alle, die bereits Tickets erworben haben, d\u00fcrfen sich auf einen Verzehr-Gutschein freuen. Kinder haben freien Eintritt, dank eines Sponsorings durch die SachsenEnergie. <\/p>\n<p>\u201eWir setzen uns f\u00fcr eine lebendige Kulturszene in unserer Region ein und f\u00f6rdern mit der Karierten Katze ein vielf\u00e4ltiges Festival f\u00fcr Jung und Alt mitten in Dresden. Zum Festivalauftakt bieten wir Familien ein besonderes Angebot: Alle Kinder bis einschlie\u00dflich 14 Jahre erhalten freien Eintritt\u201c, sagt Alina Fenn, die das Sponsoring bei SachsenEnergie betreut.\n<\/p>\n<p>Katzenwirtschaft mit frisch gezapfter \u201eKatzenpisse\u201c<\/p>\n<p>Schnurr, miau und hereinspaziert in die eintrittsfreie Katzenwirtschaft: Ab 16. Juli l\u00e4dt die KARIERTE KATZE ein, mit bestem Blick auf Elbe und Dresden-Skyline sowie einer frisch gezapften \u201eKatzenpisse\u201c dem schwarz-wei\u00df-bunten Treiben auf der Katzenb\u00fchne beizuwohnen. Jeder Tag ist eine Wundert\u00fcte, die sich mitunter erst kurz vorher \u00f6ffnet.<br \/>\n<img loading=\"lazy\" decoding=\"async\" src=\"https:\/\/www.europesays.com\/de\/wp-content\/uploads\/2025\/07\/2025-07-07-KarierteKatze2.jpg\" alt=\"Katzenwirtschaft unter den B\u00e4umen - Foto: Anton Launer\" width=\"2400\" height=\"1350\" class=\"size-full wp-image-228799\"  \/>Katzenwirtschaft unter den B\u00e4umen \u2013 Foto: Anton Launer\n<\/p>\n<p>Mal springt die Katze \u00fcber Tische und B\u00e4nke; mal schleicht sie um die Beine herum; und dann liegt sie wieder schnurrend in ihrem K\u00f6rbchen. Auf der gem\u00fctlichen Katzenb\u00fchne sind bis zum 24. August u.a. zu erleben:\n<\/p>\n<ul>\n<li>Lizzy and the Palm, ein bezauberndes Stimmwunder aus Kalifornien<\/li>\n<li>die Mexikaner Son Rompe Pera mit ihrem explosiven Mix aus Latin-Cumbia-Marimba-Punk (eine Kooperation mit SAX-Konzerte)<\/li>\n<li>die D\u00fcsseldorfer Band Tozzkat, prominent besetzt mit Maler Junior Toscanelli, UFO Walter, Vom Ritchie von den Toten Hosen und Thomas Schneider von Fehlfarben<\/li>\n<li>Weiterhin geplant sind: Smilla, Bahnhof Motte, Kurkapelle Sonnendeck, 3davonkennich, Christoball, Die Nierentische u.v.m.<\/li>\n<\/ul>\n<p>Um das ganze wirtschaftlich zu betreiben gibt es die Katzenwirtschaft mit einem eigens f\u00fcr das Festival gebrauten Bier namens \u201eKatzenpisse\u201c. Ger\u00fcchten zufolge soll es besser schmecken, als der Name vermuten l\u00e4sst. Auf jeden Fall gibt\u2019s das Bier frisch gezapft als Pils, Helles, Alkoholfreies und Radler. F\u00fcr die Weinliebhaber steht eine erlesene Auswahl bereit, u.a. aus dem Hause Wackerbarth. Speisen werden gereicht \u2013 von vegan \u00fcber vegetarisch bis tierisch. Wem das alles nicht passt, der kann auch gern den eigenen Picknick-Korb mitbringen. Die Katzenwirtschaft \u00f6ffnet mittwochs bis freitags ab 16 Uhr und am Wochenende ab 11 Uhr. Tischreservierungen sind auf <a target=\"_blank\" href=\"http:\/\/www.kariertekatze.de\" rel=\"noopener\">www.kariertekatze.de<\/a> m\u00f6glich.<\/p>\n<p>Die Katze tanzt auf der Yogamatte<\/p>\n<p>Was w\u00e4re die Wiese ohne Yoga. Nun gibt es ein spezielles \u201emiau yoga\u201c, immer mittwochs bis freitags ab 8 und am Wochenende ab 9 Uhr (au\u00dfer am 23. August). Frei tanzen mit DJ oder Liveband hei\u00dft es beim Katzengymnastiktanz immer freitags um 16, sonnabends um 14 Uhr (au\u00dfer am<br \/>23. August) und sonntags um 11 Uhr. Tickets f\u00fcr Katzengymnastiktanz und miau yoga kosten jeweils 9 Euro.\n<\/p>\n<p>Karierte Katze kompakt<\/p>\n<ul>\n<li>11. Juli \u2013 24. August (mittwochs \u2013 sonntags)<\/li>\n<li>Garten des Japanischen Palais<\/li>\n<li>Tickets f\u00fcr das Er\u00f6ffnungswochenende vom 11. bis 13. Juli<\/li>\n<\/ul>\n<ul>\n<li>Tagesticket Freitag, 11. Juli: 10 Euro<\/li>\n<li>Tagesticket Samstag, 12. Juli: 19 Euro<\/li>\n<li>Tagesticket Sonntag, 13. Juli: 19 Euro<\/li>\n<li>3-Tages-Ticket: 38 Euro<\/li>\n<\/ul>\n<p>Katzenwirtschaft<\/p>\n<ul>\n<li>mittwochs bis freitags ab 16 Uhr, Wochenende ab 11 Uhr<\/li>\n<\/ul>\n<p>miau yoga<\/p>\n<ul>\n<li>mittwochs bis freitags 8 Uhr, Wochenende 9 Uhr (au\u00dfer am 23. August)<\/li>\n<\/ul>\n<p>Katzengymnastiktanz<\/p>\n<ul>\n<li>freitags 16 Uhr, sonnabends 14 Uhr (au\u00dfer am 23. August), sonntags 11 Uhr<\/li>\n<\/ul>\n<p><a target=\"_blank\" href=\"http:\/\/www.kariertekatze.de\" rel=\"noopener\">www.kariertekatze.de <\/a>\n<\/p>\n<p>Das Festival Karierte Katze fand 2024 erstmals auf der Gr\u00fcnfl\u00e4che zwischen dem Japanischen Palais und den Elbwiesen in Dresden statt. Es wurde als dreit\u00e4giges Event ins Leben gerufen. Initiatoren des Festivals sind der Dresdner Maler, Grafiker und Galerist Holger John sowie der Veranstalter Markus Richter. Beide verf\u00fcgen \u00fcber umfassende Erfahrungen in der Eventbranche. Mit dem Festival verfolgen sie das Ziel, sich von bestehenden Konzepten abzuheben und einem bekannten Ort in Dresden eine neue, kreative Ausstrahlung zu verleihen.<br \/>\n<img loading=\"lazy\" decoding=\"async\" src=\"https:\/\/www.europesays.com\/de\/wp-content\/uploads\/2025\/07\/2025-07-07-KarierteKatze3.jpg\" alt=\"Ab Freitag wird die Katze kariert. Foto: Anton Launer\" width=\"2400\" height=\"1350\" class=\"size-full wp-image-228800\"  \/>Ab Freitag wird die Katze kariert. Foto: Anton Launer\n<\/p>\n<p>\u00c4hnliche Beitr\u00e4ge vergangener Tage<\/p>\n","protected":false},"excerpt":{"rendered":"Am Freitag geht es los. Die Katze wird wieder kariert. Aktuell ist die Crew um Impressario Holger John&hellip;\n","protected":false},"author":2,"featured_media":250345,"comment_status":"","ping_status":"","sticky":false,"template":"","format":"standard","meta":{"footnotes":""},"categories":[1835],"tags":[3364,29,2386,30,76948,4229,859],"class_list":{"0":"post-250344","1":"post","2":"type-post","3":"status-publish","4":"format-standard","5":"has-post-thumbnail","7":"category-dresden","8":"tag-de","9":"tag-deutschland","10":"tag-dresden","11":"tag-germany","12":"tag-karierte-katze","13":"tag-neustadt","14":"tag-sachsen"},"share_on_mastodon":{"url":"https:\/\/pubeurope.com\/@de\/114814153349052809","error":""},"_links":{"self":[{"href":"https:\/\/www.europesays.com\/de\/wp-json\/wp\/v2\/posts\/250344","targetHints":{"allow":["GET"]}}],"collection":[{"href":"https:\/\/www.europesays.com\/de\/wp-json\/wp\/v2\/posts"}],"about":[{"href":"https:\/\/www.europesays.com\/de\/wp-json\/wp\/v2\/types\/post"}],"author":[{"embeddable":true,"href":"https:\/\/www.europesays.com\/de\/wp-json\/wp\/v2\/users\/2"}],"replies":[{"embeddable":true,"href":"https:\/\/www.europesays.com\/de\/wp-json\/wp\/v2\/comments?post=250344"}],"version-history":[{"count":0,"href":"https:\/\/www.europesays.com\/de\/wp-json\/wp\/v2\/posts\/250344\/revisions"}],"wp:featuredmedia":[{"embeddable":true,"href":"https:\/\/www.europesays.com\/de\/wp-json\/wp\/v2\/media\/250345"}],"wp:attachment":[{"href":"https:\/\/www.europesays.com\/de\/wp-json\/wp\/v2\/media?parent=250344"}],"wp:term":[{"taxonomy":"category","embeddable":true,"href":"https:\/\/www.europesays.com\/de\/wp-json\/wp\/v2\/categories?post=250344"},{"taxonomy":"post_tag","embeddable":true,"href":"https:\/\/www.europesays.com\/de\/wp-json\/wp\/v2\/tags?post=250344"}],"curies":[{"name":"wp","href":"https:\/\/api.w.org\/{rel}","templated":true}]}}