{"id":250354,"date":"2025-07-07T21:52:11","date_gmt":"2025-07-07T21:52:11","guid":{"rendered":"https:\/\/www.europesays.com\/de\/250354\/"},"modified":"2025-07-07T21:52:11","modified_gmt":"2025-07-07T21:52:11","slug":"ladypowermove-mit-vielen-aktionen-fuer-alle-frauen","status":"publish","type":"post","link":"https:\/\/www.europesays.com\/de\/250354\/","title":{"rendered":"LadyPowerMove mit vielen Aktionen f\u00fcr alle Frauen"},"content":{"rendered":"<p>Ein erster Meilenstein f\u00fcr die Female-Empowerment-Bewegung f\u00fcr Dortmunder Frauen, wurde bereits beim Muttertags-Frauenlauf im Mai dieses Jahres gesetzt. Das Herzst\u00fcck der Initiative \u201eLadyPowerMove\u201c sind die Frauen von \u201eupletics\u201c, mit Jana Hartmann an der Spitze, die ehemalige Spitzensportlerin, Unternehmerin und Mitgr\u00fcnderin. Beim dritten Stammtisch von LadyPowerMove erfahren wir, welche weiteren Aktionen und Projekte in den kommenden Wochen und Monaten f\u00fcr M\u00e4dchen und Frauen geplant sind.<\/p>\n<p>Bei dem Stammtisch, der ab sofort etwa alle acht Wochen stattfinden soll und Raum f\u00fcr Austausch und neue Ideen bietet, werden auch die Termine der kommenden Wochen besprochen: das engagierte Team organisiert regelm\u00e4\u00dfig zahlreiche Aktionen f\u00fcr Frauen jeden Alters. In naher Zukunft stehen zwei Selbstverteidigungskurse an \u2013 einer am Donnerstagabend des 28. August und einer am Samstag, den 13. September. Beide sind auch f\u00fcr Kinder ab acht Jahren und ihre M\u00fctter geeignet. Im September erwartet M\u00fctter und T\u00f6chter dann auch ein gemeinsamer Poledance-Kurs, im November ein Kurs speziell f\u00fcr Frauen um die 40.<\/p>\n<p>Auch ein spannender Vortrag zum Thema Female Finance ist in Planung, das sei immer noch oft ein Thema, welches eher der m\u00e4nnliche Part einer Beziehung \u00fcbernimmt, beschrieben es die Frauen und betonen die Wichtigkeit, als Frau eigenst\u00e4ndig und unabh\u00e4ngig zu sein.<\/p>\n<p>Der beliebter \u201eBH-Vortrag\u201c kommt auch wieder. Da geht es um Passform, Gesundheit und die Bedeutung des richtigen Sport-BHs \u2013 die n\u00e4chsten Termine sind am 10. Juli und im November. Geplant sind zudem Angebote wie Zumba, Yoga oder Wandern. Alle Veranstaltungen sind offen f\u00fcr Interessierte und zum Teil kostenfrei.<\/p>\n<p>Alle Infos zu den Terminen und Anmeldung unter: <a href=\"http:\/\/www.ladypowermove.de\" target=\"_blank\" rel=\"noopener\">www.ladypowermove.de<\/a><\/p>\n","protected":false},"excerpt":{"rendered":"Ein erster Meilenstein f\u00fcr die Female-Empowerment-Bewegung f\u00fcr Dortmunder Frauen, wurde bereits beim Muttertags-Frauenlauf im Mai dieses Jahres gesetzt.&hellip;\n","protected":false},"author":2,"featured_media":250355,"comment_status":"","ping_status":"","sticky":false,"template":"","format":"standard","meta":{"footnotes":""},"categories":[1833],"tags":[3364,29,217,30,1209],"class_list":{"0":"post-250354","1":"post","2":"type-post","3":"status-publish","4":"format-standard","5":"has-post-thumbnail","7":"category-dortmund","8":"tag-de","9":"tag-deutschland","10":"tag-dortmund","11":"tag-germany","12":"tag-nordrhein-westfalen"},"share_on_mastodon":{"url":"https:\/\/pubeurope.com\/@de\/114814173125892089","error":""},"_links":{"self":[{"href":"https:\/\/www.europesays.com\/de\/wp-json\/wp\/v2\/posts\/250354","targetHints":{"allow":["GET"]}}],"collection":[{"href":"https:\/\/www.europesays.com\/de\/wp-json\/wp\/v2\/posts"}],"about":[{"href":"https:\/\/www.europesays.com\/de\/wp-json\/wp\/v2\/types\/post"}],"author":[{"embeddable":true,"href":"https:\/\/www.europesays.com\/de\/wp-json\/wp\/v2\/users\/2"}],"replies":[{"embeddable":true,"href":"https:\/\/www.europesays.com\/de\/wp-json\/wp\/v2\/comments?post=250354"}],"version-history":[{"count":0,"href":"https:\/\/www.europesays.com\/de\/wp-json\/wp\/v2\/posts\/250354\/revisions"}],"wp:featuredmedia":[{"embeddable":true,"href":"https:\/\/www.europesays.com\/de\/wp-json\/wp\/v2\/media\/250355"}],"wp:attachment":[{"href":"https:\/\/www.europesays.com\/de\/wp-json\/wp\/v2\/media?parent=250354"}],"wp:term":[{"taxonomy":"category","embeddable":true,"href":"https:\/\/www.europesays.com\/de\/wp-json\/wp\/v2\/categories?post=250354"},{"taxonomy":"post_tag","embeddable":true,"href":"https:\/\/www.europesays.com\/de\/wp-json\/wp\/v2\/tags?post=250354"}],"curies":[{"name":"wp","href":"https:\/\/api.w.org\/{rel}","templated":true}]}}