{"id":250365,"date":"2025-07-07T21:58:10","date_gmt":"2025-07-07T21:58:10","guid":{"rendered":"https:\/\/www.europesays.com\/de\/250365\/"},"modified":"2025-07-07T21:58:10","modified_gmt":"2025-07-07T21:58:10","slug":"jazz-open-in-stuttgart-so-wars-bei-raye-und-jacob-collier-auf-dem-schlossplatz","status":"publish","type":"post","link":"https:\/\/www.europesays.com\/de\/250365\/","title":{"rendered":"Jazz Open in Stuttgart: So war\u2019s bei Raye und Jacob Collier auf dem Schlossplatz"},"content":{"rendered":"<p> Ist das wirklich die Frau, die man aus den Hip-Hop- und R\u2019n\u2019B-Charts kennt? Ist das tats\u00e4chlich die Britin, deren oft nicht ganz jugendfreien Songs sonst fies groovend, wie der cool-aufm\u00fcpfige Soundtrack der Generation Instagram daherkommen? Als Raye am Montagabend um 21 Uhr die B\u00fchne auf dem <a href=\"https:\/\/www.stuttgarter-zeitung.de\/thema\/Schlossplatz\" title=\"Schlossplatz\" class=\"art_thema\" target=\"_blank\" rel=\"noopener\">Schlossplatz<\/a> betritt, hat sie sich in eine Souldiva aus den 1960ern verwandelt, nicht nur ihre Band in schwarze Anz\u00fcge gesteckt und selbst ein elegantes Sommerkleid angezogen, sondern auch ihrem Repertoire einen charmanten Retrolook verpasst.<\/p>\n","protected":false},"excerpt":{"rendered":"Ist das wirklich die Frau, die man aus den Hip-Hop- und R\u2019n\u2019B-Charts kennt? Ist das tats\u00e4chlich die Britin,&hellip;\n","protected":false},"author":2,"featured_media":250366,"comment_status":"","ping_status":"","sticky":false,"template":"","format":"standard","meta":{"footnotes":""},"categories":[1830],"tags":[1634,3364,29,5561,30,69772,68687,1310,80,76951,14655,1441],"class_list":{"0":"post-250365","1":"post","2":"type-post","3":"status-publish","4":"format-standard","5":"has-post-thumbnail","7":"category-stuttgart","8":"tag-baden-wuerttemberg","9":"tag-de","10":"tag-deutschland","11":"tag-festival","12":"tag-germany","13":"tag-jacob-collier","14":"tag-jazz-open","15":"tag-konzert","16":"tag-kultur","17":"tag-raye","18":"tag-schlossplatz","19":"tag-stuttgart"},"share_on_mastodon":{"url":"https:\/\/pubeurope.com\/@de\/114814196574290995","error":""},"_links":{"self":[{"href":"https:\/\/www.europesays.com\/de\/wp-json\/wp\/v2\/posts\/250365","targetHints":{"allow":["GET"]}}],"collection":[{"href":"https:\/\/www.europesays.com\/de\/wp-json\/wp\/v2\/posts"}],"about":[{"href":"https:\/\/www.europesays.com\/de\/wp-json\/wp\/v2\/types\/post"}],"author":[{"embeddable":true,"href":"https:\/\/www.europesays.com\/de\/wp-json\/wp\/v2\/users\/2"}],"replies":[{"embeddable":true,"href":"https:\/\/www.europesays.com\/de\/wp-json\/wp\/v2\/comments?post=250365"}],"version-history":[{"count":0,"href":"https:\/\/www.europesays.com\/de\/wp-json\/wp\/v2\/posts\/250365\/revisions"}],"wp:featuredmedia":[{"embeddable":true,"href":"https:\/\/www.europesays.com\/de\/wp-json\/wp\/v2\/media\/250366"}],"wp:attachment":[{"href":"https:\/\/www.europesays.com\/de\/wp-json\/wp\/v2\/media?parent=250365"}],"wp:term":[{"taxonomy":"category","embeddable":true,"href":"https:\/\/www.europesays.com\/de\/wp-json\/wp\/v2\/categories?post=250365"},{"taxonomy":"post_tag","embeddable":true,"href":"https:\/\/www.europesays.com\/de\/wp-json\/wp\/v2\/tags?post=250365"}],"curies":[{"name":"wp","href":"https:\/\/api.w.org\/{rel}","templated":true}]}}