{"id":25039,"date":"2025-04-12T03:21:12","date_gmt":"2025-04-12T03:21:12","guid":{"rendered":"https:\/\/www.europesays.com\/de\/25039\/"},"modified":"2025-04-12T03:21:12","modified_gmt":"2025-04-12T03:21:12","slug":"in-koeln-wird-ein-doppelgaenger-des-rappers-gesucht","status":"publish","type":"post","link":"https:\/\/www.europesays.com\/de\/25039\/","title":{"rendered":"In K\u00f6ln wird ein Doppelg\u00e4nger des Rappers gesucht"},"content":{"rendered":"<p>c\/o pop-Festival <\/p>\n<p>Doppelg\u00e4nger gesucht: Wer sieht aus wie Ski Aggu?<\/p>\n<p>11.04.2025 &#8211; 12:09 UhrLesedauer: 1 Min.<\/p>\n<p><a href=\"#focus-0\" class=\"transition-colors duration-200 focus-within:text-magenta block text-current relative\" data-sctrack=\"FocusGalleryImage.Reference\"><img fetchpriority=\"high\" data-testid=\"Opener.Image\" style=\"--lqipURL:url('https:\/\/images.t-online.de\/2024\/12\/M9FUf9KrjFRw\/13x88:1858x1045\/fit-in\/150x0\/filters:blur(25)\/raeumte-schon-letztes-jahr-ab-und-ist-erneut-nominiert-der-rapper-ski-aggu.jpg')\"   loading=\"eager\" src=\"https:\/\/www.europesays.com\/de\/wp-content\/uploads\/2025\/04\/raeumte-schon-letztes-jahr-ab-und-ist-erneut-nominiert-der-rapper-ski-aggu.jpg\" alt=\"Nominierte f\u00fcr \u00ab1Live Krone\u00bb stehen fest\" title=\"Nominierte f\u00fcr \u00ab1Live Krone\u00bb stehen fest\" width=\"1858\" height=\"1045\" class=\"bg-[url:var(--lqipURL)] bg-cover bg-center flex w-full max-w-full h-full\" decoding=\"async\"\/><img style=\"--width:32;--height:32\" loading=\"lazy\" src=\"https:\/\/www.europesays.com\/de\/wp-content\/uploads\/2025\/03\/zoom-in.f7dae02f.svg.svg+xml\" alt=\"Vergr\u00f6\u00dfern des Bildes\" title=\"Vergr\u00f6\u00dfern des Bildes\" class=\"&#10;        block&#10;        h-[calc(var(--height)_\/_16_*_1rem)]&#10;        w-[calc(var(--width)_\/_16_*_1rem)]&#10;        max-w-none&#10;        absolute bottom-8 right-8 rounded-4 bg-snow p-8\" decoding=\"async\"\/><\/a><\/p>\n<p>Blonde M\u00e4hne und Skibrille (Archivbild): Wer sieht Ski Aggu \u00e4hnlich? (Quelle: Friso Gentsch\/dpa\/dpa-bilder)<\/p>\n<p class=\"font-bold text-18 leading-17\">Rapper Ski Aggu aus Berlin feiert mit seiner Musik gro\u00dfe Erfolge \u2013 beg\u00fcnstigt von seiner ungew\u00f6hnlichen Optik. In K\u00f6ln wird nun ein Doppelg\u00e4nger des Mannes mit Skibrille gesucht.<\/p>\n<p class=\"text-18 leading-17\">Sein Markenzeichen ist die Skibrille, seine Musik brachte ihm schon zahlreiche Preise und Auszeichnungen ein: Der Rapper Ski Aggu aus <a class=\"transition-colors duration-200 cursor-pointer text-inherit no-underline text-salemsfur md:hover:text-magenta md:hover:border-magenta md:focus:text-magenta border-current border-b border-solid break-words\" href=\"https:\/\/www.t-online.de\/region\/berlin\/\" data-sctrack=\"BodyAnchor\" rel=\"nofollow noopener\" target=\"_blank\">Berlin<\/a> erlebte seit seiner ersten Single &#8222;Wei\u00dfwein &amp; Pappbecher&#8220; einen kometenhaften Aufstieg in der deutschen Musikszene, arbeitete mit bekannten Namen wie <a class=\"transition-colors duration-200 cursor-pointer text-inherit no-underline text-salemsfur md:hover:text-magenta md:hover:border-magenta md:focus:text-magenta border-current border-b border-solid break-words\" href=\"https:\/\/www.t-online.de\/themen\/shirin-david\/\" data-sctrack=\"BodyAnchor\" rel=\"nofollow noopener\" target=\"_blank\">Shirin David<\/a>, <a class=\"transition-colors duration-200 cursor-pointer text-inherit no-underline text-salemsfur md:hover:text-magenta md:hover:border-magenta md:focus:text-magenta border-current border-b border-solid break-words\" href=\"https:\/\/www.t-online.de\/themen\/sido\/\" data-sctrack=\"BodyAnchor\" rel=\"nofollow noopener\" target=\"_blank\">Sido<\/a> und <a class=\"transition-colors duration-200 cursor-pointer text-inherit no-underline text-salemsfur md:hover:text-magenta md:hover:border-magenta md:focus:text-magenta border-current border-b border-solid break-words\" href=\"https:\/\/www.t-online.de\/themen\/stefan-raab\/\" data-sctrack=\"BodyAnchor\" rel=\"nofollow noopener\" target=\"_blank\">Stefan Raab<\/a> zusammen.<\/p>\n<p class=\"text-18 leading-17\">Am 25. Juli wird Ski Aggu im K\u00f6lner Tanzbrunnen auftreten. Im Vorfeld aber macht er mit einer ungew\u00f6hnlichen Aktion bereits jetzt von sich reden. Im Rahmen des c\/o pop-Festivals im April werden n\u00e4mlich Menschen gesucht, die dem Musiker besonders \u00e4hnlich sehen. Im K\u00f6lner Stadtgebiet finden sich derzeit Flyer, die f\u00fcr die Suche nach dem besten Doppelg\u00e4nger werben.<\/p>\n<p class=\"text-18 leading-17\">Anw\u00e4rter auf diesen Titel sollen sich am Samstag (26. April) an der Open Air Stage des Festivals in der Bartholom\u00e4us-Schink-Stra\u00dfe einfinden. Die Anmeldung sollte bis 13.30 Uhr erfolgen, der Lookalike-Wettbewerb startet dann um 14 Uhr. Zu gewinnen gibt es eine Soundbox, Merchandise von Ski Aggu sowie zweimal zwei Tickets f\u00fcr das Konzert des Rappers im Juli.<\/p>\n","protected":false},"excerpt":{"rendered":"c\/o pop-Festival Doppelg\u00e4nger gesucht: Wer sieht aus wie Ski Aggu? 11.04.2025 &#8211; 12:09 UhrLesedauer: 1 Min. Blonde M\u00e4hne&hellip;\n","protected":false},"author":2,"featured_media":25040,"comment_status":"","ping_status":"","sticky":false,"template":"","format":"standard","meta":{"footnotes":""},"categories":[1828],"tags":[296,14772,29,5561,30,1420,1209,14773,1305,14771,13527],"class_list":{"0":"post-25039","1":"post","2":"type-post","3":"status-publish","4":"format-standard","5":"has-post-thumbnail","7":"category-koeln","8":"tag-berlin","9":"tag-c-o-pop","10":"tag-deutschland","11":"tag-festival","12":"tag-germany","13":"tag-koeln","14":"tag-nordrhein-westfalen","15":"tag-optik","16":"tag-shirin-david","17":"tag-skibrille","18":"tag-stefan-raab"},"share_on_mastodon":{"url":"https:\/\/pubeurope.com\/@de\/114322845577309421","error":""},"_links":{"self":[{"href":"https:\/\/www.europesays.com\/de\/wp-json\/wp\/v2\/posts\/25039","targetHints":{"allow":["GET"]}}],"collection":[{"href":"https:\/\/www.europesays.com\/de\/wp-json\/wp\/v2\/posts"}],"about":[{"href":"https:\/\/www.europesays.com\/de\/wp-json\/wp\/v2\/types\/post"}],"author":[{"embeddable":true,"href":"https:\/\/www.europesays.com\/de\/wp-json\/wp\/v2\/users\/2"}],"replies":[{"embeddable":true,"href":"https:\/\/www.europesays.com\/de\/wp-json\/wp\/v2\/comments?post=25039"}],"version-history":[{"count":0,"href":"https:\/\/www.europesays.com\/de\/wp-json\/wp\/v2\/posts\/25039\/revisions"}],"wp:featuredmedia":[{"embeddable":true,"href":"https:\/\/www.europesays.com\/de\/wp-json\/wp\/v2\/media\/25040"}],"wp:attachment":[{"href":"https:\/\/www.europesays.com\/de\/wp-json\/wp\/v2\/media?parent=25039"}],"wp:term":[{"taxonomy":"category","embeddable":true,"href":"https:\/\/www.europesays.com\/de\/wp-json\/wp\/v2\/categories?post=25039"},{"taxonomy":"post_tag","embeddable":true,"href":"https:\/\/www.europesays.com\/de\/wp-json\/wp\/v2\/tags?post=25039"}],"curies":[{"name":"wp","href":"https:\/\/api.w.org\/{rel}","templated":true}]}}