{"id":250395,"date":"2025-07-07T22:15:16","date_gmt":"2025-07-07T22:15:16","guid":{"rendered":"https:\/\/www.europesays.com\/de\/250395\/"},"modified":"2025-07-07T22:15:16","modified_gmt":"2025-07-07T22:15:16","slug":"jimi-blue-ochsenknecht-in-haft-aber-im-tv-klagt-er-noch-ueber-250-000-euro-schulden-unterhaltung","status":"publish","type":"post","link":"https:\/\/www.europesays.com\/de\/250395\/","title":{"rendered":"Jimi Blue Ochsenknecht in Haft \u2013 aber im TV klagt er noch \u00fcber 250.000 Euro Schulden | Unterhaltung"},"content":{"rendered":"<p>Hamburg \u2013 <b>Im wahren Leben sitzt er im Knast, im TV spricht Schauspieler Jimi Blue Ochsenknecht jetzt \u00fcbers Geld und seine Schulden.<\/b><\/p>\n<p>Es klingt wie Ironie des Schicksals, dass ausgerechnet ab jetzt die neue Show \u201eVilla der Versuchung\u201c (montags, 20.15 Uhr) ausgestrahlt wird und Jimi als Kandidat mitmacht \u2013 denn in dem Format geht\u2019s vor allem um Geld. W\u00e4hrend Ochsenknecht zurzeit wegen <a href=\"https:\/\/www.bild.de\/unterhaltung\/stars-und-leute\/jimi-blue-erst-rosenkrieg-jetzt-liebeserklaerung-an-yeliz-koc-6864d740bce3e14f8a528ec9\" class=\"text-link\" target=\"_blank\" rel=\"noopener\">nicht bezahlter Gastro-Rechnungen<\/a> in Hamburg in Untersuchungshaft sitzt, taucht er bei Sender Sat.1 in einer thail\u00e4ndischen Villa auf. Die Sendung, moderiert von Verona Pooth, wurde bereits vor einiger Zeit abgedreht. <\/p>\n<p><img decoding=\"async\" width=\"992\" height=\"660\" alt=\"Jimi Blue sitzt zum Zeitpunkt der Ausstrahlung gerade in Untersuchungshaft und wartet auf seine Auslieferung nach \u00d6sterreich\" src=\"https:\/\/www.europesays.com\/de\/wp-content\/uploads\/2025\/07\/5d0b28d7cec6652dda357a23cff6cbe6,db47ea68\"   class=\"dynamic\" loading=\"lazy\"\/><\/p>\n<p class=\"fig__caption__text\">Jimi Blue (hier 2024) sitzt zum Zeitpunkt der Ausstrahlung von \u201eVilla der Versuchung\u201c gerade in Hamburg in Untersuchungshaft<\/p>\n<p>Foto: picture alliance\/dpa\/dpa-Zentralbild<\/p>\n<p>Jimi klagt \u00fcber seine Schulden<\/p>\n<p>Interessant: In Folge 1 der \u201eVilla der Versuchung\u201c offenbart Jimi seinen Mitstreitern sein Schulden-Debakel. Er schildert: \u201eIch habe ein Faible f\u00fcr teure Sachen. Ich hatte Schulden, das waren so 250.000 Euro oder so.\u201c Die maximal 250.000 Euro, die die Promis gemeinsam in dem Format gewinnen k\u00f6nnen, w\u00e4ren f\u00fcr den Schauspieler daher eine wichtige Finanzspritze.<\/p>\n<p>Lesen Sie auch<\/p>\n<p>Das Konzept der <a href=\"https:\/\/www.bild.de\/unterhaltung\/tv-fernsehformate\/villa-der-versuchung-sara-kulka-georgina-fleur-muessen-auf-luxus-verzichten-684af67c8858611e27640c82\" class=\"text-link\" target=\"_blank\" rel=\"noopener\">Show<\/a>: 250.000 Euro Gewinn warten auf die Kandidaten. In ihrer Unterkunft wird ihnen jedoch alles an Luxus abgenommen und muss teuer vom Gesamtgewinn erkauft werden: Eine Cola kostet gut und gerne 100 Euro, eine Nacht im Bett sogar 2000 Euro pro Person.<\/p>\n<p>Beim Einzug sind die Kandidaten noch guter Dinge. Jimi Blue wird von Mitbewohner Gigi Birofio mit dem Satz empfangen: \u201eIch habe mit deiner <a href=\"https:\/\/www.bild.de\/unterhaltung\/stars-und-leute\/yeliz-koc-ex-jannik-kontalis-kassierte-nach-liebes-aus-ordentlich-ab-686a218fd888d66fa9793d70\" class=\"text-link\" target=\"_blank\" rel=\"noopener\">Ex<\/a> rumgemacht, auf ,Love Island\u2018.\u201c Ochsenknecht kontert entspannt: \u201eUnd, war gut?\u201c <\/p>\n<p><img decoding=\"async\" width=\"992\" height=\"1178\" alt=\"Gigi Birofio (26) bandelte mit Jimis Ex-Freundin Yeliz in einer anderen TV-Show an, aus dem Techtelmechtel wurde allerdings nicht mehr als ein hei\u00dfer Flirt\" src=\"https:\/\/www.europesays.com\/de\/wp-content\/uploads\/2025\/07\/69e0a0a996a6323c31228357f6c89408,1bc1a549\"   class=\"portrait\" loading=\"lazy\"\/><\/p>\n<p class=\"fig__caption__text\">Gigi Birofio (26) knutschte mit Jimis Ex-Freundin Yeliz Koc bei \u201eLove Island\u201c, aus dem Techtelmechtel wurde allerdings nichts<\/p>\n<p>Foto: Joyn \/ Michael de Boer<\/p>\n<p>Kurz darauf wird den Promis alles entrissen: Betten und Matratzen werden gepf\u00e4ndet, Ex-Richter Ronald Schill (66) wird der Stuhl regelrecht unter dem Hintern weggezogen.<\/p>\n<p>Schnell kommt raus, wer im Sinne aller sparen m\u00f6chte oder skrupellos prassen will. Gigi etwa schnappt sich ein Getr\u00e4nk nach dem anderen. Kandidatin Bettie Ballhaus (47) bricht in Tr\u00e4nen aus: \u201eWie in einem schlechten Film hier gerade. Diese verschwenderische Art!\u201c Schauspieler Ra\u00fal Richter spielt gar Detektiv und kontrolliert die Best\u00e4nde: \u201eJemand hat Kaugummis genommen?\u201c <\/p>\n<p><img decoding=\"async\" width=\"992\" height=\"1178\" alt=\"Ra\u00fal Richter (38) will in der Show f\u00fcr Ordnung und Kontrolle sorgen\" src=\"https:\/\/www.europesays.com\/de\/wp-content\/uploads\/2025\/07\/a7d25c13921706cf998f16005db90d2f,6322f780\"   class=\"portrait\" loading=\"lazy\"\/><\/p>\n<p class=\"fig__caption__text\">Ra\u00fal Richter (38) will in der Show f\u00fcr Ordnung und Kontrolle sorgen<\/p>\n<p>Foto: Joyn \/ Michael de Boer<\/p>\n<p>Jimi ruft zum Sparen auf<\/p>\n<p>Auch <a href=\"https:\/\/www.bild.de\/unterhaltung\/leute\/jimi-blue-ochsenknecht\/thema-jimi-blue-ochsenknecht-alle-infos-80748302.bild.html\" class=\"text-link\" target=\"_blank\" rel=\"noopener\">Jimi Blue<\/a> schimpft \u00fcber die Verschwendung und ruft zu mehr Sparsamkeit auf: \u201eDas ist so ein exzessiver Konsum die ganze Zeit!\u201c Ra\u00fal Richter lobt seinen Einsatz: \u201eMit Jimi habe ich einen Seelenverwandten gefunden, was die Geldsache angeht. Wir haben da eine \u00e4hnliche Denkweise, was Fairplay angeht und wie man sich im Team zu verhalten hat.\u201c<\/p>\n<p>Beim Kassensturz mit Moderatorin Verona, bei dem eine Summe von 189.400 Euro bleibt, rechtfertigt der Richter die Spar-Aufrufe mit Jimi: \u201eWir meinen es ja nur gut.\u201c Gl\u00fcck f\u00fcr alle: Nach der ersten Folge muss noch niemand die Villa \u2013 und damit die Show \u2013 verlassen.<\/p>\n<p><img decoding=\"async\" width=\"992\" height=\"558\" alt=\"Verona Pooth (57) moderiert die \u201eVilla der Versuchung\u201c, in der Promis m\u00f6glichst sparsam leben sollen\" src=\"https:\/\/www.europesays.com\/de\/wp-content\/uploads\/2025\/07\/c449f9e571e676ccbb5d914fc4cd9bc5,393b1665\"   class=\"landscape\" loading=\"lazy\"\/><\/p>\n<p class=\"fig__caption__text\">Verona Pooth (57) moderiert die \u201eVilla der Versuchung\u201c, in der Promis m\u00f6glichst sparsam leben sollen <\/p>\n<p>Foto: Joyn \/ Michael de Boer<\/p>\n","protected":false},"excerpt":{"rendered":"Hamburg \u2013 Im wahren Leben sitzt er im Knast, im TV spricht Schauspieler Jimi Blue Ochsenknecht jetzt \u00fcbers&hellip;\n","protected":false},"author":2,"featured_media":250396,"comment_status":"","ping_status":"","sticky":false,"template":"","format":"standard","meta":{"footnotes":""},"categories":[1776],"tags":[296,1801,29,214,30,24851,24852,24853,1802,834,45,215],"class_list":{"0":"post-250395","1":"post","2":"type-post","3":"status-publish","4":"format-standard","5":"has-post-thumbnail","7":"category-prominente","8":"tag-berlin","9":"tag-celebrities","10":"tag-deutschland","11":"tag-entertainment","12":"tag-germany","13":"tag-ochsenknecht-jimi-blue","14":"tag-ochsenknecht-natascha","15":"tag-ochsenknecht-uwe","16":"tag-prominente","17":"tag-schwangerschaft","18":"tag-texttospeech","19":"tag-unterhaltung"},"share_on_mastodon":{"url":"https:\/\/pubeurope.com\/@de\/114814263402894691","error":""},"_links":{"self":[{"href":"https:\/\/www.europesays.com\/de\/wp-json\/wp\/v2\/posts\/250395","targetHints":{"allow":["GET"]}}],"collection":[{"href":"https:\/\/www.europesays.com\/de\/wp-json\/wp\/v2\/posts"}],"about":[{"href":"https:\/\/www.europesays.com\/de\/wp-json\/wp\/v2\/types\/post"}],"author":[{"embeddable":true,"href":"https:\/\/www.europesays.com\/de\/wp-json\/wp\/v2\/users\/2"}],"replies":[{"embeddable":true,"href":"https:\/\/www.europesays.com\/de\/wp-json\/wp\/v2\/comments?post=250395"}],"version-history":[{"count":0,"href":"https:\/\/www.europesays.com\/de\/wp-json\/wp\/v2\/posts\/250395\/revisions"}],"wp:featuredmedia":[{"embeddable":true,"href":"https:\/\/www.europesays.com\/de\/wp-json\/wp\/v2\/media\/250396"}],"wp:attachment":[{"href":"https:\/\/www.europesays.com\/de\/wp-json\/wp\/v2\/media?parent=250395"}],"wp:term":[{"taxonomy":"category","embeddable":true,"href":"https:\/\/www.europesays.com\/de\/wp-json\/wp\/v2\/categories?post=250395"},{"taxonomy":"post_tag","embeddable":true,"href":"https:\/\/www.europesays.com\/de\/wp-json\/wp\/v2\/tags?post=250395"}],"curies":[{"name":"wp","href":"https:\/\/api.w.org\/{rel}","templated":true}]}}