{"id":250408,"date":"2025-07-07T22:22:13","date_gmt":"2025-07-07T22:22:13","guid":{"rendered":"https:\/\/www.europesays.com\/de\/250408\/"},"modified":"2025-07-07T22:22:13","modified_gmt":"2025-07-07T22:22:13","slug":"frauen-em-traumtor-von-alisha-lehmanns-juve-kollegin-sport","status":"publish","type":"post","link":"https:\/\/www.europesays.com\/de\/250408\/","title":{"rendered":"Frauen-EM: Traumtor von Alisha Lehmanns Juve-Kollegin | Sport"},"content":{"rendered":"<p><b>Dramatik pur in der Schluss-Phase!<\/b><\/p>\n<p>Portugal und Italien trennen sich bei ihrem zweiten Gruppen-Spiel der Frauen-EM mit 1:1. Damit h\u00e4lt sich Portugal weiter im Turnier! F\u00fcr die Italienerinnen bedeutet das Unentschieden einen wichtigen Schritt in Richtung Weiterkommen, sie hatten ihr Auftaktspiel gegen Belgien 1:0 gewonnen. <\/p>\n<p>Portugal hatte einen kapitalen Fehlstart hingelegt und gegen die Nachbarn aus Spanien mit 0:5 verloren. \u00dcberschattet wurde die Auftakt-Partie vom Unfalltod des portugiesischen Liverpool-Stars Diogo Jota (\u202028) und dessen Bruder Andr\u00e9 Silva (\u202025). <\/p>\n<p>Lesen Sie auch<\/p>\n<p>Die beiden Br\u00fcder waren am vergangenen Donnerstag um kurz nach Mitternacht t\u00f6dlich in einem Lamborghini verungl\u00fcckt. \u201eEs war ein harter Tag f\u00fcr uns\u201c, so Nationaltrainer Neto. Er hatte Jota einst als Assistenzcoach der U19 betreut.<\/p>\n<p><img decoding=\"async\" width=\"992\" height=\"558\" alt=\"Beim Spiel gegen Spanien gedenken Fans und Spielerinnen Diego Jota\" src=\"https:\/\/www.europesays.com\/de\/wp-content\/uploads\/2025\/07\/b7f11d4e4dabfb42acee747bc9215ced,b669e79e\"   class=\"landscape\" loading=\"lazy\"\/><\/p>\n<p class=\"fig__caption__text\">Beim Spiel gegen Spanien gedenken Fans und Spielerinnen Diego Jota<\/p>\n<p>Foto: Martin Meissner\/AP\/dpa<\/p>\n<p><b>In Gedenken an ihn tragen die Portugiesinnen vor dem Spiel gegen Italien Aufw\u00e4rm-Trikots mit seinem Namen auf dem R\u00fccken. W\u00e4hrend der Partie haben sie einen Trauerflor am Arm. <\/b><\/p>\n<p>Die Partie im Stade de Gen\u00e8ve braucht einige Minuten, um Fahrt aufzunehmen, dann dr\u00e4ngt Italien auf die F\u00fchrung, einmal verhindert nur der Querbalken.<\/p>\n<p>Auch interessant<\/p>\n<p>Anzeige<\/p>\n<p>Auch interessant<\/p>\n<p>Anzeige<\/p>\n<p><b>37. Minute: <\/b>Der Ball ist im Tor, Italien jubelt. Nach einem Kopfball von Girelli bekommt Patr\u00edcia Morais das Leder nicht richtig zur Seite pariert. Emma Severini hat leichtes Spiel. Doch die Fahne ist oben: Abseits.<\/p>\n<p>Das Spiel bleibt k\u00e4mpferisch \u2013 doch lange torlos.<\/p>\n<p><b>70. Minute: <\/b>Gerade schien das Momentum ein wenig bei Portugal zu liegen, da schlagen die Italienerinnen zu. Girelli setzt aus 20 Metern einen Schlenzschuss genau ins lange Kreuzeck. Was ein Traumtor!<\/p>\n<p><b>In einer Social-Media-Challenge hatte Superstar Alisha Lehmann (26) sich als gro\u00dfer Fan von Cristiana Girelli bekannt. Sie sei ihre \u201eLieblings-Spielerin\u201c so die Schweizerin. Beide spielen bei Juventus Turin. <\/b><\/p>\n<p><img decoding=\"async\" width=\"992\" height=\"558\" alt=\"Alisha Lehmann mit ihren Fans\" src=\"https:\/\/www.europesays.com\/de\/wp-content\/uploads\/2025\/07\/0f833fa7df9823c442c0820a3625bc64,2d7e467f\"   class=\"landscape\" loading=\"lazy\"\/><\/p>\n<p class=\"fig__caption__text\">Alisha Lehmann mit ihren Fans<\/p>\n<p>Foto: Getty Images<\/p>\n<p>Dann ein Hoffnungsschimmer f\u00fcr Portugal in der 81. Minute: Diana Silva trifft zum 1:1. Doch der Treffer z\u00e4hlt nicht, Abseits. Wie bitter.<\/p>\n<p><b>Doch das Spiel ist nicht vorbei: 89. Minute: D\u00edana Gomes trifft \u2013 Ausgleich!<\/b><\/p>\n<p>Es bleibt spannend in der Gruppe B. Portugal trifft am Freitag auf Belgien, Italien muss gegen Spanien ran (beide Spiele 21.00 Uhr).<\/p>\n","protected":false},"excerpt":{"rendered":"Dramatik pur in der Schluss-Phase! Portugal und Italien trennen sich bei ihrem zweiten Gruppen-Spiel der Frauen-EM mit 1:1.&hellip;\n","protected":false},"author":2,"featured_media":250409,"comment_status":"","ping_status":"","sticky":false,"template":"","format":"standard","meta":{"footnotes":""},"categories":[136],"tags":[1263,29,59934,347,30,50752,57965,265],"class_list":{"0":"post-250408","1":"post","2":"type-post","3":"status-publish","4":"format-standard","5":"has-post-thumbnail","7":"category-sport","8":"tag-aufmacher-bereich","9":"tag-deutschland","10":"tag-frauen-em","11":"tag-fussball","12":"tag-germany","13":"tag-nationalmannschaft-portugal","14":"tag-nationalmannschaft-spanien","15":"tag-sport"},"share_on_mastodon":{"url":"https:\/\/pubeurope.com\/@de\/114814291129441550","error":""},"_links":{"self":[{"href":"https:\/\/www.europesays.com\/de\/wp-json\/wp\/v2\/posts\/250408","targetHints":{"allow":["GET"]}}],"collection":[{"href":"https:\/\/www.europesays.com\/de\/wp-json\/wp\/v2\/posts"}],"about":[{"href":"https:\/\/www.europesays.com\/de\/wp-json\/wp\/v2\/types\/post"}],"author":[{"embeddable":true,"href":"https:\/\/www.europesays.com\/de\/wp-json\/wp\/v2\/users\/2"}],"replies":[{"embeddable":true,"href":"https:\/\/www.europesays.com\/de\/wp-json\/wp\/v2\/comments?post=250408"}],"version-history":[{"count":0,"href":"https:\/\/www.europesays.com\/de\/wp-json\/wp\/v2\/posts\/250408\/revisions"}],"wp:featuredmedia":[{"embeddable":true,"href":"https:\/\/www.europesays.com\/de\/wp-json\/wp\/v2\/media\/250409"}],"wp:attachment":[{"href":"https:\/\/www.europesays.com\/de\/wp-json\/wp\/v2\/media?parent=250408"}],"wp:term":[{"taxonomy":"category","embeddable":true,"href":"https:\/\/www.europesays.com\/de\/wp-json\/wp\/v2\/categories?post=250408"},{"taxonomy":"post_tag","embeddable":true,"href":"https:\/\/www.europesays.com\/de\/wp-json\/wp\/v2\/tags?post=250408"}],"curies":[{"name":"wp","href":"https:\/\/api.w.org\/{rel}","templated":true}]}}