{"id":250432,"date":"2025-07-07T22:34:09","date_gmt":"2025-07-07T22:34:09","guid":{"rendered":"https:\/\/www.europesays.com\/de\/250432\/"},"modified":"2025-07-07T22:34:09","modified_gmt":"2025-07-07T22:34:09","slug":"borussia-moenchengladbach-guckt-in-die-roehre-star-wechselt-zur-konkurrenz","status":"publish","type":"post","link":"https:\/\/www.europesays.com\/de\/250432\/","title":{"rendered":"Borussia M\u00f6nchengladbach guckt in die R\u00f6hre &#8211; Star wechselt zur Konkurrenz"},"content":{"rendered":"<p>Die Vorbereitungen f\u00fcr die kommende Saison haben bei Borussia M\u00f6nchengladbach unter Trainer Gerardo Seoane begonnen. Doch entgegen den Erwartungen vieler Fans waren dabei nur wenige neue Gesichter zu sehen. Lediglich Jens Castrop und Kevin Diks waren zum Auftakt da \u2013 beide Verpflichtungen sind schon l\u00e4nger bekannt.<\/p>\n<p>Besonders gro\u00df war die Hoffnung der Anh\u00e4nger auf einen neuen St\u00fcrmer. Der hei\u00dfeste Kandidat daf\u00fcr schien <a href=\"https:\/\/www.derwesten.de\/sport\/fussball\/borussia-moenchengladbach-matanovic-freibrug-transfer-id301666772.html\" target=\"_blank\" rel=\"noopener\">Igor Matanovic <\/a>zu sein. Doch diese Hoffnung hat sich zerschlagen: Der Angreifer wird stattdessen zum SC Freiburg wechseln.<\/p>\n<p>Borussia M\u00f6nchengladbach mit n\u00e4chstem R\u00fcckschlag<\/p>\n<p>Wie der \u201ekicker\u201c berichtet, scheint der Wechsel von Matanovic zum Sport-Club Freiburg besiegelt zu sein. Freiburgs Sportdirektor Jochen Saier deutete dies indirekt an, als er erkl\u00e4rte, dass noch ein Spieler kommen werde \u2013 ohne Matanovic explizit zu nennen. \u201eMit dieser Personalie, die dann eventuell noch kommt, h\u00e4tten wir unsere Planungen komplett umgesetzt und w\u00e4ren sehr gl\u00fccklich mit dem Kader\u201c, so Saier.<\/p>\n<p>+++ <a href=\"https:\/\/www.derwesten.de\/sport\/fussball\/borussia-moenchengladbach-verlaengerung-sippel-id301670967.html\" target=\"_blank\" rel=\"noopener\">Tinte trocken! Borussia M\u00f6nchengladbach verl\u00e4ngert mit wichtigem Mann<\/a> +++ <\/p>\n<p>Laut dem Bericht des \u201ekicker\u201c handelt es sich bei dieser Personalie um das einstige Wunschziel von Borussia M\u00f6nchengladbach. Matanovic soll bereits am Dienstag (8. Juli) oder Mittwoch (9. Juli) in Freiburg erwartet werden, um den Wechsel abzuschlie\u00dfen.<\/p>\n<p><strong>Fohlen handlungsunf\u00e4hig<\/strong><\/p>\n<p>F\u00fcr Matanovic zahlt der SC Freiburg offenbar rund acht Millionen Euro an Eintracht Frankfurt. Sp\u00e4testens hier wird deutlich, dass Borussia M\u00f6nchengladbach im Grunde chancenlos war. Denn die Fohlen sind in diesem Sommer praktisch handlungsunf\u00e4hig: Der Klub muss Spieler verkaufen, um Neuzug\u00e4nge finanzieren zu k\u00f6nnen.<\/p>\n<p>Dieses Problem begleitet Borussia M\u00f6nchengladbach bereits seit Jahren. Der Verein hat Schwierigkeiten, seine Top-Spieler gewinnbringend zu verkaufen. So hing in der vergangenen Saison alles an einem m\u00f6glichen Transfer von Manu Kone, der jedoch erst kurz vor Ende der Transferperiode realisiert werden konnte. \u00c4hnlich frustrierend ist die Situation bei Nico Elvedi, der den Verein wohl schon seit Jahren verlassen m\u00f6chte \u2013 doch bisher kam kein Deal zustande.<\/p>\n<p>Hier mehr News f\u00fcr dich:<\/p>\n<p>In diesem Jahr scheint <a href=\"https:\/\/www.derwesten.de\/sport\/fussball\/fc-bayern-muenchen-itakura-wechsel-abloese-transfer-star-id301568327.html\" target=\"_blank\" rel=\"noopener\">Ko Itakura<\/a> die hei\u00dfe Personalie zu sein. Es ist ein offenes Geheimnis, dass der japanische Defensivspieler derjenige ist, mit dem Gladbach Einnahmen generieren soll \u2013 auch aufgrund der Vertragssituation. Doch Anfang Juli ist noch keine Bewegung in Sicht. Und Gladbach bleibt handlungsunf\u00e4hig, w\u00e4hrend die Konkurrenz aufr\u00fcstet.<\/p>\n","protected":false},"excerpt":{"rendered":"Die Vorbereitungen f\u00fcr die kommende Saison haben bei Borussia M\u00f6nchengladbach unter Trainer Gerardo Seoane begonnen. Doch entgegen den&hellip;\n","protected":false},"author":2,"featured_media":250433,"comment_status":"","ping_status":"","sticky":false,"template":"","format":"standard","meta":{"footnotes":""},"categories":[1849],"tags":[815,3364,29,548,663,3934,30,13,4455,14,15,1209,12],"class_list":{"0":"post-250432","1":"post","2":"type-post","3":"status-publish","4":"format-standard","5":"has-post-thumbnail","7":"category-moenchengladbach","8":"tag-borussia-moenchengladbach","9":"tag-de","10":"tag-deutschland","11":"tag-eu","12":"tag-europa","13":"tag-europe","14":"tag-germany","15":"tag-headlines","16":"tag-moenchengladbach","17":"tag-nachrichten","18":"tag-news","19":"tag-nordrhein-westfalen","20":"tag-schlagzeilen"},"share_on_mastodon":{"url":"https:\/\/pubeurope.com\/@de\/114814338141360692","error":""},"_links":{"self":[{"href":"https:\/\/www.europesays.com\/de\/wp-json\/wp\/v2\/posts\/250432","targetHints":{"allow":["GET"]}}],"collection":[{"href":"https:\/\/www.europesays.com\/de\/wp-json\/wp\/v2\/posts"}],"about":[{"href":"https:\/\/www.europesays.com\/de\/wp-json\/wp\/v2\/types\/post"}],"author":[{"embeddable":true,"href":"https:\/\/www.europesays.com\/de\/wp-json\/wp\/v2\/users\/2"}],"replies":[{"embeddable":true,"href":"https:\/\/www.europesays.com\/de\/wp-json\/wp\/v2\/comments?post=250432"}],"version-history":[{"count":0,"href":"https:\/\/www.europesays.com\/de\/wp-json\/wp\/v2\/posts\/250432\/revisions"}],"wp:featuredmedia":[{"embeddable":true,"href":"https:\/\/www.europesays.com\/de\/wp-json\/wp\/v2\/media\/250433"}],"wp:attachment":[{"href":"https:\/\/www.europesays.com\/de\/wp-json\/wp\/v2\/media?parent=250432"}],"wp:term":[{"taxonomy":"category","embeddable":true,"href":"https:\/\/www.europesays.com\/de\/wp-json\/wp\/v2\/categories?post=250432"},{"taxonomy":"post_tag","embeddable":true,"href":"https:\/\/www.europesays.com\/de\/wp-json\/wp\/v2\/tags?post=250432"}],"curies":[{"name":"wp","href":"https:\/\/api.w.org\/{rel}","templated":true}]}}