{"id":250434,"date":"2025-07-07T22:35:17","date_gmt":"2025-07-07T22:35:17","guid":{"rendered":"https:\/\/www.europesays.com\/de\/250434\/"},"modified":"2025-07-07T22:35:17","modified_gmt":"2025-07-07T22:35:17","slug":"wohnungen-in-der-alten-post-buer-plaene-werden-jetzt-konkret","status":"publish","type":"post","link":"https:\/\/www.europesays.com\/de\/250434\/","title":{"rendered":"Wohnungen in der Alten Post Buer: Pl\u00e4ne werden jetzt konkret"},"content":{"rendered":"<p class=\"font-sans font-medium\">Gelsenkirchen-Buer. Die Pl\u00e4ne f\u00fcr das Wohnprojekt in der Alten Post in Gelsenkirchen-Buer werden konkret: 41 barrierefreie Wohnungen, Baubeginn steht kurz bevor.<\/p>\n<p>\u201eAush\u00e4ngeschild f\u00fcr Buer\u201c, \u201eVorzeigeobjekt\u201c, \u201eLandmarke\u201c: Peter Gendreiko und Arno Alberty sparen nicht mit Superlativen, wenn sie von der Alten Post in Gelsenkirchen-Buer reden. Die beiden Immobilienmakler sind gerade dabei, die Wohnungen, die dort bald entstehen, an den Mann beziehungsweise an die Frau zu bringen, und sie sind sich sicher: Das Projekt wird ein Erfolg.<\/p>\n<p><strong>Sie wollen keine Nachricht aus Gelsenkirchen verpassen? <a href=\"https:\/\/www.waz.de\/staedte\/gelsenkirchen\/article229659256\/Gelsenkirchen-So-abonnieren-Sie-unseren-WAZ-Newsletter.html\" data-category-full-path=\"\/staedte\/gelsenkirchen\/\" data-paid-status=\"free\" data-article-publish-date=\"1596115466\" rel=\"nofollow noopener\" target=\"_blank\">Abonnieren Sie hier unseren t\u00e4glichen Newsletter<\/a>. Mehr aus unserer Lokalredaktion gibt es auf unseren <a href=\"https:\/\/www.facebook.com\/WAZGelsenkirchen\/?locale=de_DE\" target=\"_blank\" rel=\"nofollow noopener\">Facebook<\/a>&#8211; und <a href=\"https:\/\/www.instagram.com\/wazgelsenkirchen_getaggt\/\" target=\"_blank\" rel=\"nofollow noopener\">Instagram-Kan\u00e4len.<\/a> Abonnieren Sie auch unser t\u00e4gliches, kostenloses News-Update auf <a href=\"https:\/\/www.waz.de\/staedte\/gelsenkirchen\/article241929358\/Neu-bei-WhatsApp-Jetzt-die-WAZ-Gelsenkirchen-abonnieren.html\" data-category-full-path=\"\/staedte\/gelsenkirchen\/\" data-paid-status=\"default\" data-article-publish-date=\"1711449600\" rel=\"nofollow noopener\" target=\"_blank\">WhatsApp<\/a>. Oder besuchen Sie die WAZ Gelsenkirchen jetzt auf <a href=\"https:\/\/www.tiktok.com\/@waz_gelsenkirchen?lang=de-DE\" target=\"_blank\" rel=\"nofollow noopener\">TikTok<\/a>. <\/strong><\/p>\n<p>   Gelsenkirchen-Newsletter: Jetzt anmelden!<\/p>\n<p class=\"text-body2 mt-2\">Nachrichten, Service, Reportagen: Jeden Tag wissen, was in unserer Stadt los ist.<\/p>\n<p class=\"text-caption text-copy-secondary\">\n          Mit meiner Anmeldung zum Newsletter stimme ich der<br \/>\n          <a href=\"https:\/\/www.waz.de\/services\/newsletter-adconsent\" class=\"text-overline text-copy-accent-negative dark:underline\" rel=\"nofollow noopener\" target=\"_blank\">Werbevereinbarung<\/a><br \/>\n          zu.\n        <\/p>\n<p>In der Alten Post werden bekanntlich schon seit 2020 keine Briefe mehr sortiert oder Pakete entgegengenommen: Damals zog die Deutsche Post an ihre Filiale an der Hochstra\u00dfe, seitdem steht das Geb\u00e4ude leer. Zwischenzeitlich hatte es einmal der Buersche Unternehmer Thomas Bernau gekauft, allerdings verkaufte er die Immobilie nach kurzer Zeit weiter. <a href=\"https:\/\/www.waz.de\/lokales\/gelsenkirchen\/article409286161\/alte-post-in-buer-das-ist-der-stand-bei-den-planungen.html\" data-category-full-path=\"https:\/\/www.waz.de\/lokales\/gelsenkirchen\/\" data-paid-status=\"premium\" data-article-publish-date=\"1750394640\" rel=\"nofollow noopener\" target=\"_blank\">Inzwischen geh\u00f6rt sie einem Immobilienunternehmen aus dem nieders\u00e4chsischen Vechta<\/a>, zu den Gesch\u00e4ftsf\u00fchrern geh\u00f6rt Stephan Siemer, ein ehemaliger CDU-Landtagsabgeordneter. <\/p>\n<p>   Interessenten kommen haupts\u00e4chlich aus Gelsenkirchen  <\/p>\n<p>    <img decoding=\"async\" src=\"https:\/\/www.europesays.com\/de\/wp-content\/uploads\/2025\/07\/409291686_1750235101_v16_9_1200.jpeg\" class=\"block w-full aspect-[16\/9] \" alt=\"Die alte Post in Gelsenkirchen-Buer am 18. Juni 2025.\" title=\"Die Alte Post in Gelsenkirchen-Buer.\" loading=\"lazy\"\/><\/p>\n<p>\n      Die Alte Post in Gelsenkirchen-Buer.<br \/>\n      \u00a9 WAZ | Matthias Heselmann\n    <\/p>\n<p>\u201eStephan Siemer hat eine Vorliebe f\u00fcr alte Postgeb\u00e4ude\u201c, sagt Arno Alberty. Alberty ist Immobilienberater aus D\u00fcsseldorf, gemeinsam mit dem Bueraner Peter Gendreiko k\u00fcmmert er sich um den Vertrieb der Wohnungen. \u201eSiemer hat bereits mehrere ehemalige Postgeb\u00e4ude in Niedersachsen auf Vordermann gebracht, und jetzt macht er in Buer weiter\u201c, so Alberty. Den Verkauf der Wohnungen sollten allerdings Leute vor Ort \u00fcbernehmen, die den hiesigen Markt gut kennen.<\/p>\n<p>    Auch interessant<\/p>\n<p>    <img decoding=\"async\" src=\"https:\/\/www.europesays.com\/de\/wp-content\/uploads\/2025\/07\/407741494_1742226726_v1_1_200.jpeg\" class=\"block w-full aspect-[1\/1] \" alt=\"Das Baugebiet in Gelsenkirchen-Erle.\" title=\"Das Baugebiet in Gelsenkirchen-Erle.\" loading=\"lazy\"\/><\/p>\n<p>\u201eWir haben schon ganz viele Anfragen zu den Wohnungen\u201c, gibt Gendreiko einen \u00dcberblick \u00fcber den aktuellen Stand. \u201eDie ersten Notartermine sind schon vereinbart.\u201c Die beiden sind sich sicher, dass die <a href=\"https:\/\/www.waz.de\/lokales\/gelsenkirchen\/article407237076\/exklusiv-besitzer-der-alten-post-in-buer-verraet-seine-plaene.html\" data-category-full-path=\"https:\/\/www.waz.de\/lokales\/gelsenkirchen\/\" data-paid-status=\"premium\" data-article-publish-date=\"1726142246\" rel=\"nofollow noopener\" target=\"_blank\">41 Eigentumswohnungen, die auf dem Markt sind<\/a>, alle verkauft werden k\u00f6nnen. \u201eWir hatten sowohl Anfragen von Menschen, die selbst in die Alte Post einziehen wollen, als auch von Investoren, die die Wohnungen kaufen und dann weitervermieten wollen.\u201c Gr\u00f6\u00dftenteils k\u00e4men die Interessenten aus Buer beziehungsweise Gelsenkirchen, berichten Alberty und Gendreiko, die von der Lage schw\u00e4rmen: \u201eGerade f\u00fcr Seniorinnen und Senioren ist es ideal: nah zur Stadt, nah zum Krankenhaus, gut an den Verkehr angeschlossen.\u201c Alle Wohnungen, betonen die beiden, seien barrierefrei.<\/p>\n<p>  So gro\u00df sind die Wohnungen in der Alten Post  <\/p>\n<p>Inzwischen liege auch die Baugenehmigung vor, so dass mit den Arbeiten begonnen werden k\u00f6nne. Diese gestalten sich umfangreich. \u201eAn der denkmalgesch\u00fctzten Fassade d\u00fcrfen wir ja nichts ver\u00e4ndern\u201c, sagt Alberty. Immerhin: An der R\u00fcckseite des Geb\u00e4udes d\u00fcrfen Balkone stehen, sie werden allerdings aufgest\u00e4ndert und nicht im Mauerwerk verankert. Innerhalb des Bauwerks, das Ende der 1920er-Jahre entstand, w\u00fcrde allerdings eine Totalsanierung vorgenommen werden, berichten die beiden. So werde etwa in den Turm an der R\u00fcckseite der Post ein Aufzug installiert, der vom Keller bis zum Dachgeschoss f\u00e4hrt.<\/p>\n<p>Ein Expos\u00e9 listet Zahl und Gr\u00f6\u00dfe der Wohnungen auf: Insgesamt 41 auf vier Etagen, die kleinste ist knapp 32 Quadratmeter, die gr\u00f6\u00dfte gut 78 Quadratmeter gro\u00df. Zwei Treppenh\u00e4user sowie ein Aufzug erschlie\u00dfen die oberen Stockwerke, neben dem Geb\u00e4ude entstehen Parkpl\u00e4tze. Dass die Alte Post unter Denkmalschutz stehe, habe die Planungen nat\u00fcrlich nicht gerade vereinfacht, sagt Arno Alberty \u2013 biete potenziellen K\u00e4ufern allerdings auch einige Vorteile. \u201eDank der Denkmal-AfA \u2013  das steht f\u00fcr ,Absetzung durch Abnutzung\u2018 \u2013  k\u00f6nnen Investoren einen erheblichen Teil des Kaufpreises \u00fcber einen Zeitraum von bis zu zw\u00f6lf Jahren steuerlich abschreiben\u201c, erl\u00e4utert der Immobilienexperte. Der genaue Anteil werde individuell von der Denkmalbeh\u00f6rde festgelegt, Alberty rechnet im Fall der Alten Post mit etwa 70 Prozent der Investitionskosten, die geltend gemacht werden k\u00f6nnten. Die Preise f\u00fcr die Wohnungen liegen laut Expos\u00e9 zwischen 137.000 und 336.000 Euro.<\/p>\n<p>  Zu diesem Zeitpunkt sollen die Wohnungen bezugsfertig sein  <\/p>\n<p>Die beiden Immobilienmakler rechnen damit, dass das Projekt \u201eUmbau der Alten Post\u201c Ende 2026 abgeschlossen sein k\u00f6nnte, dann k\u00f6nnten die ersten Bewohnerinnen und Bewohner einziehen. \u201eAllerdings: Bauen mit Denkmalschutzauflagen ist immer eine Herausforderung\u201c, sagt Peter Gendreiko \u2013 eine hundertprozentige Garantie f\u00fcr den Zeitpunkt will er nicht geben.<\/p>\n<p>Weitere Infos gibt es unter 0173 3862695.<\/p>\n<p>  <script async src=\"\/\/www.instagram.com\/embed.js\"><\/script><script async src=\"\/\/www.tiktok.com\/embed.js\"><\/script><\/p>\n","protected":false},"excerpt":{"rendered":"Gelsenkirchen-Buer. Die Pl\u00e4ne f\u00fcr das Wohnprojekt in der Alten Post in Gelsenkirchen-Buer werden konkret: 41 barrierefreie Wohnungen, Baubeginn&hellip;\n","protected":false},"author":2,"featured_media":250435,"comment_status":"","ping_status":"","sticky":false,"template":"","format":"standard","meta":{"footnotes":""},"categories":[1848],"tags":[3364,29,548,663,3934,3658,30,13,14,15,1209,12],"class_list":{"0":"post-250434","1":"post","2":"type-post","3":"status-publish","4":"format-standard","5":"has-post-thumbnail","7":"category-gelsenkirchen","8":"tag-de","9":"tag-deutschland","10":"tag-eu","11":"tag-europa","12":"tag-europe","13":"tag-gelsenkirchen","14":"tag-germany","15":"tag-headlines","16":"tag-nachrichten","17":"tag-news","18":"tag-nordrhein-westfalen","19":"tag-schlagzeilen"},"share_on_mastodon":{"url":"https:\/\/pubeurope.com\/@de\/114814342095631638","error":""},"_links":{"self":[{"href":"https:\/\/www.europesays.com\/de\/wp-json\/wp\/v2\/posts\/250434","targetHints":{"allow":["GET"]}}],"collection":[{"href":"https:\/\/www.europesays.com\/de\/wp-json\/wp\/v2\/posts"}],"about":[{"href":"https:\/\/www.europesays.com\/de\/wp-json\/wp\/v2\/types\/post"}],"author":[{"embeddable":true,"href":"https:\/\/www.europesays.com\/de\/wp-json\/wp\/v2\/users\/2"}],"replies":[{"embeddable":true,"href":"https:\/\/www.europesays.com\/de\/wp-json\/wp\/v2\/comments?post=250434"}],"version-history":[{"count":0,"href":"https:\/\/www.europesays.com\/de\/wp-json\/wp\/v2\/posts\/250434\/revisions"}],"wp:featuredmedia":[{"embeddable":true,"href":"https:\/\/www.europesays.com\/de\/wp-json\/wp\/v2\/media\/250435"}],"wp:attachment":[{"href":"https:\/\/www.europesays.com\/de\/wp-json\/wp\/v2\/media?parent=250434"}],"wp:term":[{"taxonomy":"category","embeddable":true,"href":"https:\/\/www.europesays.com\/de\/wp-json\/wp\/v2\/categories?post=250434"},{"taxonomy":"post_tag","embeddable":true,"href":"https:\/\/www.europesays.com\/de\/wp-json\/wp\/v2\/tags?post=250434"}],"curies":[{"name":"wp","href":"https:\/\/api.w.org\/{rel}","templated":true}]}}