{"id":250438,"date":"2025-07-07T22:37:11","date_gmt":"2025-07-07T22:37:11","guid":{"rendered":"https:\/\/www.europesays.com\/de\/250438\/"},"modified":"2025-07-07T22:37:11","modified_gmt":"2025-07-07T22:37:11","slug":"mietspiegel-2025-stadt-augsburg-startet-verpflichtende-mieterbefragung","status":"publish","type":"post","link":"https:\/\/www.europesays.com\/de\/250438\/","title":{"rendered":"Mietspiegel 2025: Stadt Augsburg startet verpflichtende Mieterbefragung"},"content":{"rendered":"<p>  <a href=\"https:\/\/www.daz-augsburg.de\/mietspiegel-2025-stadt-augsburg-startet-verpflichtende-mieterbefragung\/\" rel=\"nofollow noopener\" target=\"_blank\">Mietspiegel 2025: Stadt Augsburg startet verpflichtende Mieterbefragung<\/a><\/p>\n<p><strong>Ab Mitte Juli f\u00fchrt die Stadt Augsburg eine umfassende Befragung zur Erstellung des qualifizierten Mietspiegels 2025 durch. Rund 10.000 Mieter werden vom EMA-Institut f\u00fcr empirische Marktanalysen angeschrieben.<\/strong><\/p>\n<p>Von Bruno Stubenrauch<\/p>\n<p><img fetchpriority=\"high\" decoding=\"async\" width=\"500\" height=\"367\" aria-describedby=\"caption-attachment-97415\" class=\"wp-image-97415 size-medium\" src=\"data:image\/svg+xml,%3Csvg%20xmlns=\" http:=\"\" alt=\"\" data-lazy- data-lazy- data-lazy-src=\"https:\/\/www.europesays.com\/de\/wp-content\/uploads\/2025\/07\/PSX_20250707_164154-500x367.jpg\"\/><\/p>\n<p id=\"caption-attachment-97415\" class=\"wp-caption-text\">Symbolbild<\/p>\n<p>Die Teilnahme ist gesetzlich verpflichtend \u2013 bei Nichtauskunft droht sogar ein Bu\u00dfgeld von bis zu 5.000 Euro. Abgefragt werden u.a. Wohnungsgr\u00f6\u00dfe, Baujahr, Ausstattung, Lage und die Mieth\u00f6he zum Stichtag Juni 2025. Die Befragung richtet sich an Mieter, deren Wohnung in den letzten sechs Jahren neuvermietet oder deren Miete angepasst wurde. Die Frageb\u00f6gen m\u00fcssen bis Mitte August schriftlich oder online mit einem ein pers\u00f6nlichen Zugangscode ausgef\u00fcllt werden.<\/p>\n<p>Der neue Mietspiegel wird zum 1. Dezember 2025 erscheinen. Er dient als wichtige Grundlage f\u00fcr die Mietpreisbremse und die Kappungsgrenze bei Mieterh\u00f6hungen in Augsburg. Sozialreferent Martin Schenkelberg betont: \u201eEin Mietspiegel ist ein zentrales Instrument f\u00fcr faire Mieten und soziale Gerechtigkeit.\u201c Die Stadt Augsburg gilt seit 2016 als Gebiet mit einem angespannten Wohnungsmarkt.<\/p>\n<p>\u2014\u2014\u2014<br \/><a href=\"https:\/\/online-mietspiegel.de\/augsburg\/\" target=\"_blank\" rel=\"noopener nofollow\">Online-Mietspiegel Augsburg 2023<\/a><\/p>\n<p>    Artikel vom<br \/>\n    <a href=\"https:\/\/www.daz-augsburg.de\/?m=20250708\" rel=\"nofollow noopener\" target=\"_blank\"><br \/>\n      08.07.2025    <\/a><br \/>\n    | Autor: Bruno Stubenrauch<br \/>Rubrik: <a href=\"https:\/\/www.daz-augsburg.de\/rubrik\/politik\/\" rel=\"category tag nofollow noopener\" target=\"_blank\">Politik<\/a>, <a href=\"https:\/\/www.daz-augsburg.de\/rubrik\/vermischtes\/amtliches\/\" rel=\"category tag nofollow noopener\" target=\"_blank\">Amtliches<\/a>, <a href=\"https:\/\/www.daz-augsburg.de\/rubrik\/vermischtes\/buergerinfo\/\" rel=\"category tag nofollow noopener\" target=\"_blank\">B\u00fcrgerinfo<\/a>, <a href=\"https:\/\/www.daz-augsburg.de\/rubrik\/politik\/buergernaehe\/\" rel=\"category tag nofollow noopener\" target=\"_blank\">B\u00fcrgern\u00e4he<\/a>, <a href=\"https:\/\/www.daz-augsburg.de\/rubrik\/politik\/sozialpolitik\/\" rel=\"category tag nofollow noopener\" target=\"_blank\">Sozialpolitik<\/a>  <\/p>\n","protected":false},"excerpt":{"rendered":"Mietspiegel 2025: Stadt Augsburg startet verpflichtende Mieterbefragung Ab Mitte Juli f\u00fchrt die Stadt Augsburg eine umfassende Befragung zur&hellip;\n","protected":false},"author":2,"featured_media":250439,"comment_status":"","ping_status":"","sticky":false,"template":"","format":"standard","meta":{"footnotes":""},"categories":[1846],"tags":[680,772,3364,29,548,663,3934,30,13,14,15,12],"class_list":{"0":"post-250438","1":"post","2":"type-post","3":"status-publish","4":"format-standard","5":"has-post-thumbnail","7":"category-augsburg","8":"tag-augsburg","9":"tag-bayern","10":"tag-de","11":"tag-deutschland","12":"tag-eu","13":"tag-europa","14":"tag-europe","15":"tag-germany","16":"tag-headlines","17":"tag-nachrichten","18":"tag-news","19":"tag-schlagzeilen"},"share_on_mastodon":{"url":"https:\/\/pubeurope.com\/@de\/114814349790317759","error":""},"_links":{"self":[{"href":"https:\/\/www.europesays.com\/de\/wp-json\/wp\/v2\/posts\/250438","targetHints":{"allow":["GET"]}}],"collection":[{"href":"https:\/\/www.europesays.com\/de\/wp-json\/wp\/v2\/posts"}],"about":[{"href":"https:\/\/www.europesays.com\/de\/wp-json\/wp\/v2\/types\/post"}],"author":[{"embeddable":true,"href":"https:\/\/www.europesays.com\/de\/wp-json\/wp\/v2\/users\/2"}],"replies":[{"embeddable":true,"href":"https:\/\/www.europesays.com\/de\/wp-json\/wp\/v2\/comments?post=250438"}],"version-history":[{"count":0,"href":"https:\/\/www.europesays.com\/de\/wp-json\/wp\/v2\/posts\/250438\/revisions"}],"wp:featuredmedia":[{"embeddable":true,"href":"https:\/\/www.europesays.com\/de\/wp-json\/wp\/v2\/media\/250439"}],"wp:attachment":[{"href":"https:\/\/www.europesays.com\/de\/wp-json\/wp\/v2\/media?parent=250438"}],"wp:term":[{"taxonomy":"category","embeddable":true,"href":"https:\/\/www.europesays.com\/de\/wp-json\/wp\/v2\/categories?post=250438"},{"taxonomy":"post_tag","embeddable":true,"href":"https:\/\/www.europesays.com\/de\/wp-json\/wp\/v2\/tags?post=250438"}],"curies":[{"name":"wp","href":"https:\/\/api.w.org\/{rel}","templated":true}]}}