{"id":250452,"date":"2025-07-07T22:44:26","date_gmt":"2025-07-07T22:44:26","guid":{"rendered":"https:\/\/www.europesays.com\/de\/250452\/"},"modified":"2025-07-07T22:44:26","modified_gmt":"2025-07-07T22:44:26","slug":"radfahrerin-verursacht-auffahrunfall-radio-bielefeld","status":"publish","type":"post","link":"https:\/\/www.europesays.com\/de\/250452\/","title":{"rendered":"Radfahrerin verursacht Auffahrunfall | Radio Bielefeld"},"content":{"rendered":"<p class=\"bodytext\">MK \/ Bielefeld &#8211; Mitte &#8211; In einem Kreisverkehr der Voltmannstra\u00dfe ist eine Bielefelderin am Freitag, 04.07.2025, mit ihrem Fahrrad leicht gegen das Heck eines Pkw gesto\u00dfen und gest\u00fcrzt.<\/p>\n<p>Die 36-j\u00e4hrige Bielefelderin fuhr gegen 14:05 Uhr von der Schlo\u00dfhofstra\u00dfe aus in den Kreisverkehr an der Voltmannstra\u00dfe. Als eine vorausfahrende Autofahrerin mit ihrem 3er BMW pl\u00f6tzlich abbremste, stie\u00df das Fahrrad gegen den Pkw. Die 36-J\u00e4hrige verlor das Gleichgewicht und st\u00fcrzte auf die Stra\u00dfe. Sie lehnte bei der Unfallaufnahme eine medizinische Versorgung ab.<\/p>\n<p>Die 35-j\u00e4hrige BMW-Fahrerin aus Bielefeld gab gegen\u00fcber den Polizisten an, dass sie gebremst habe, um die Radfahrerin an der Ausfahrt Voltmannstra\u00dfe in Richtung stadtausw\u00e4rts, vorbeifahren zu lassen. An dem Pkw entdeckten die Beamten leichte Besch\u00e4digungen. An dem Fahrrad keine.<\/p>\n<p>R\u00fcckfragen von Journalisten bitte an:<\/p>\n<p>Polizeipr\u00e4sidium Bielefeld Leitungsstab\/ Presse- und \u00d6ffentlichkeitsarbeit Kurt-Schumacher-Stra\u00dfe 46 33615 Bielefeld<\/p>\n<p>Sonja Rehmert (SR), Tel. 0521\/545-3020 Katja K\u00fcster (KK), Tel. 0521\/545-3195 Sarah Siedschlag (SI), Tel. 0521\/545-3021 Michael K\u00f6tter (MK), Tel. 0521\/545-3022 Hella Christoph (HC), Tel. 0521\/545-3023 Fabian Rickel (FR), Tel. 0521\/545-3024 Caroline Steffen (CS), Tel. 0521\/545-3026 Lukas Reker (LR), Tel. 0521\/545-3222 Jan Grote (JG), Tel. 0521\/545-3235<\/p>\n<p>E-Mail: pressestelle.bielefeld@polizei.nrw.de <a href=\"https:\/\/bielefeld.polizei.nrw\/\" target=\"_blank\" rel=\"nofollow noopener\">bielefeld.polizei.nrw<\/a><\/p>\n<p>Au\u00dferhalb der B\u00fcrodienstzeit: Leitstelle, Tel. 0521\/545-0<\/p>\n<p> Original-Content von: Polizei Bielefeld, \u00fcbermittelt durch news aktuell<\/p>\n","protected":false},"excerpt":{"rendered":"MK \/ Bielefeld &#8211; Mitte &#8211; In einem Kreisverkehr der Voltmannstra\u00dfe ist eine Bielefelderin am Freitag, 04.07.2025, mit&hellip;\n","protected":false},"author":2,"featured_media":29613,"comment_status":"","ping_status":"","sticky":false,"template":"","format":"standard","meta":{"footnotes":""},"categories":[1841],"tags":[1605,3364,29,30,1209,12925],"class_list":{"0":"post-250452","1":"post","2":"type-post","3":"status-publish","4":"format-standard","5":"has-post-thumbnail","7":"category-bielefeld","8":"tag-bielefeld","9":"tag-de","10":"tag-deutschland","11":"tag-germany","12":"tag-nordrhein-westfalen","13":"tag-polizeimeldungen"},"share_on_mastodon":{"url":"https:\/\/pubeurope.com\/@de\/114814377302397207","error":""},"_links":{"self":[{"href":"https:\/\/www.europesays.com\/de\/wp-json\/wp\/v2\/posts\/250452","targetHints":{"allow":["GET"]}}],"collection":[{"href":"https:\/\/www.europesays.com\/de\/wp-json\/wp\/v2\/posts"}],"about":[{"href":"https:\/\/www.europesays.com\/de\/wp-json\/wp\/v2\/types\/post"}],"author":[{"embeddable":true,"href":"https:\/\/www.europesays.com\/de\/wp-json\/wp\/v2\/users\/2"}],"replies":[{"embeddable":true,"href":"https:\/\/www.europesays.com\/de\/wp-json\/wp\/v2\/comments?post=250452"}],"version-history":[{"count":0,"href":"https:\/\/www.europesays.com\/de\/wp-json\/wp\/v2\/posts\/250452\/revisions"}],"wp:featuredmedia":[{"embeddable":true,"href":"https:\/\/www.europesays.com\/de\/wp-json\/wp\/v2\/media\/29613"}],"wp:attachment":[{"href":"https:\/\/www.europesays.com\/de\/wp-json\/wp\/v2\/media?parent=250452"}],"wp:term":[{"taxonomy":"category","embeddable":true,"href":"https:\/\/www.europesays.com\/de\/wp-json\/wp\/v2\/categories?post=250452"},{"taxonomy":"post_tag","embeddable":true,"href":"https:\/\/www.europesays.com\/de\/wp-json\/wp\/v2\/tags?post=250452"}],"curies":[{"name":"wp","href":"https:\/\/api.w.org\/{rel}","templated":true}]}}