{"id":250468,"date":"2025-07-07T22:53:17","date_gmt":"2025-07-07T22:53:17","guid":{"rendered":"https:\/\/www.europesays.com\/de\/250468\/"},"modified":"2025-07-07T22:53:17","modified_gmt":"2025-07-07T22:53:17","slug":"grosses-feuer-wuetet-im-sueden-frankreichs","status":"publish","type":"post","link":"https:\/\/www.europesays.com\/de\/250468\/","title":{"rendered":"Gro\u00dfes Feuer w\u00fctet im S\u00fcden Frankreichs"},"content":{"rendered":"<p class=\"font-sans font-medium\">Berlin. Ein Waldbrand in S\u00fcdfrankreich breitet sich rasch aus und erfasst 1000 Hektar. Anwohner sollen ihre H\u00e4user nicht verlassen.<\/p>\n<p>In <a href=\"https:\/\/www.morgenpost.de\/panorama\/frankreich\/\" data-category-full-path=\"https:\/\/www.morgenpost.de\/panorama\/\" data-paid-status=\"free\" data-article-publish-date=\"1656498979\" rel=\"nofollow noopener\" target=\"_blank\">S\u00fcdfrankreich<\/a> ist ein gro\u00dfer <a href=\"https:\/\/www.morgenpost.de\/panorama\/waldbrand-alle-news-hintergruende-und-ursachen\/\" data-category-full-path=\"https:\/\/www.morgenpost.de\/panorama\/\" data-paid-status=\"free\" data-article-publish-date=\"1628263636\" rel=\"nofollow noopener\" target=\"_blank\">Waldbrand<\/a> ausgebrochen. Nach Angaben der Beh\u00f6rden vom Montag wurden die Anwohner aufgefordert, ihre H\u00e4user nicht zu verlassen. Ein Abschnitt der Autobahn A9, die Frankreich mit <a href=\"https:\/\/www.morgenpost.de\/panorama\/spanien\/\" data-category-full-path=\"https:\/\/www.morgenpost.de\/panorama\/\" data-paid-status=\"free\" data-article-publish-date=\"1625824645\" rel=\"nofollow noopener\" target=\"_blank\">Spanien<\/a> verbindet, wurde laut Betreiber in beiden Richtungen gesperrt. Das Feuer entstand am Nachmittag aus zun\u00e4chst ungekl\u00e4rter Ursache auf einem Weingut und erfasste rund 1000 Hektar Vegetation.<\/p>\n<p>    Auch interessant<\/p>\n<p>    <img decoding=\"async\" src=\"https:\/\/www.europesays.com\/de\/wp-content\/uploads\/2025\/07\/409410856_1751540571_v1_1_200.jpeg\" class=\"block w-full aspect-[1\/1] \" alt=\"Berlin Fashion Week - Marc Cain\" title=\"Die Hitze wird vor allem den Menschen in St\u00e4dten in n\u00e4herer Zukunft zu schaffen machen. \" loading=\"lazy\"\/><\/p>\n<p>Im Einsatz waren 400 Feuerwehrleute sowie mehrere L\u00f6schflugzeuge. Trotzdem breitete sich das Feuer weiter aus, wie die Pr\u00e4fektur des D\u00e9partements Aude mitteilte. Ein Fotograf der Nachrichtenagentur AFP berichtete von Flammen, die mehrere Dutzend Meter hoch aufstiegen, sowie von einer dichten schwarzen Rauchwolke \u00fcber dem Wald. Durch starken Wind und die anhaltende Trockenheit griff das Feuer rasch auf die ausged\u00f6rrte Vegetation \u00fcber. Bereits vor etwa anderthalb Wochen hatte es in der Region Br\u00e4nde gegeben.<\/p>\n<p rel=\"author\" class=\"text-brand\">fmg\/AFP<\/p>\n","protected":false},"excerpt":{"rendered":"Berlin. Ein Waldbrand in S\u00fcdfrankreich breitet sich rasch aus und erfasst 1000 Hektar. Anwohner sollen ihre H\u00e4user nicht&hellip;\n","protected":false},"author":2,"featured_media":250469,"comment_status":"","ping_status":"","sticky":false,"template":"","format":"standard","meta":{"footnotes":""},"categories":[3974],"tags":[331,332,548,663,3934,3980,156,13,14,15,12],"class_list":{"0":"post-250468","1":"post","2":"type-post","3":"status-publish","4":"format-standard","5":"has-post-thumbnail","7":"category-frankreich","8":"tag-aktuelle-nachrichten","9":"tag-aktuelle-news","10":"tag-eu","11":"tag-europa","12":"tag-europe","13":"tag-france","14":"tag-frankreich","15":"tag-headlines","16":"tag-nachrichten","17":"tag-news","18":"tag-schlagzeilen"},"share_on_mastodon":{"url":"https:\/\/pubeurope.com\/@de\/114814412635107248","error":""},"_links":{"self":[{"href":"https:\/\/www.europesays.com\/de\/wp-json\/wp\/v2\/posts\/250468","targetHints":{"allow":["GET"]}}],"collection":[{"href":"https:\/\/www.europesays.com\/de\/wp-json\/wp\/v2\/posts"}],"about":[{"href":"https:\/\/www.europesays.com\/de\/wp-json\/wp\/v2\/types\/post"}],"author":[{"embeddable":true,"href":"https:\/\/www.europesays.com\/de\/wp-json\/wp\/v2\/users\/2"}],"replies":[{"embeddable":true,"href":"https:\/\/www.europesays.com\/de\/wp-json\/wp\/v2\/comments?post=250468"}],"version-history":[{"count":0,"href":"https:\/\/www.europesays.com\/de\/wp-json\/wp\/v2\/posts\/250468\/revisions"}],"wp:featuredmedia":[{"embeddable":true,"href":"https:\/\/www.europesays.com\/de\/wp-json\/wp\/v2\/media\/250469"}],"wp:attachment":[{"href":"https:\/\/www.europesays.com\/de\/wp-json\/wp\/v2\/media?parent=250468"}],"wp:term":[{"taxonomy":"category","embeddable":true,"href":"https:\/\/www.europesays.com\/de\/wp-json\/wp\/v2\/categories?post=250468"},{"taxonomy":"post_tag","embeddable":true,"href":"https:\/\/www.europesays.com\/de\/wp-json\/wp\/v2\/tags?post=250468"}],"curies":[{"name":"wp","href":"https:\/\/api.w.org\/{rel}","templated":true}]}}