{"id":250496,"date":"2025-07-07T23:07:13","date_gmt":"2025-07-07T23:07:13","guid":{"rendered":"https:\/\/www.europesays.com\/de\/250496\/"},"modified":"2025-07-07T23:07:13","modified_gmt":"2025-07-07T23:07:13","slug":"polizeieinsaetze-braende-drogen-und-waffen","status":"publish","type":"post","link":"https:\/\/www.europesays.com\/de\/250496\/","title":{"rendered":"Polizeieins\u00e4tze: Br\u00e4nde, Drogen und Waffen"},"content":{"rendered":"<p>Am Wochenende und in der Nacht zu Montag kam es in der Neustadt zu mehreren Eins\u00e4tzen der Polizeidirektion Dresden und der Bundespolizeiinspektion Dresden. Dabei wurden unter anderem Brandstiftung, Drogenbesitz, Sachbesch\u00e4digung und ein Versto\u00df gegen das Waffengesetz festgestellt.<br \/>\n<img fetchpriority=\"high\" decoding=\"async\" class=\"size-full wp-image-217640\" src=\"https:\/\/www.europesays.com\/de\/wp-content\/uploads\/2025\/07\/62_3292-scaled-e1737647700507.jpeg\" alt=\"Polizeimeldung - Foto: Florian Varga\" width=\"1822\" height=\"1024\"  \/>Polizeimeldung \u2013 Foto: Florian Varga\n<\/p>\n<p>Den Auftakt machte in der Nacht zu Sonntag ein Brand unterhalb des Japanischen Palais. Gegen 2.05 Uhr stellten Polizeibeamte einen 40-j\u00e4hrigen Mann am Elberadweg, der nach ersten Erkenntnissen eine Bank und ein Fahrrad in Brand gesetzt hatte. Der Tatverd\u00e4chtige wurde noch am Brandort angetroffen und in ein Krankenhaus gebracht. Ein Atemalkoholtest ergab rund 2,4 Promille. Der Mann ist rum\u00e4nischer Staatsb\u00fcrger. Die H\u00f6he des entstandenen Schadens ist noch unklar. Die Polizei ermittelt wegen Brandstiftung.\n<\/p>\n<p>Etwa zweieinhalb Stunden sp\u00e4ter, gegen 4.45 Uhr, kam es in der \u00c4u\u00dferen Neustadt zu einem weiteren Brand. Am Alaunplatz geriet ein M\u00fcllcontainer in Flammen. In dem Beh\u00e4lter befand sich auch ein E-Scooter, der mit zerst\u00f6rt wurde. Nach bisherigen Erkenntnissen wurde der Brand durch unbekannte T\u00e4ter gelegt. Der entstandene Schaden wird auf etwa 1.500 Euro gesch\u00e4tzt. Die Polizei ermittelt auch hier wegen Sachbesch\u00e4digung.\n<\/p>\n<p>Am Nachmittag des gleichen Tages, gegen 17.08 Uhr, wurde die Bundespolizei zu einem Einsatz in einem Einkaufsmarkt am Bahnhof Dresden-Neustadt gerufen. Ein Sicherheitsdienstmitarbeiter hatte gemeldet, dass sich ein Mann mit einer Machete und weiteren gef\u00e4hrlichen Gegenst\u00e4nden in der Filiale aufhalte. Die Beamten trafen den 44-J\u00e4hrigen vor Ort an. Er war bereits von Mitarbeitern entwaffnet worden.<\/p>\n<p><img loading=\"lazy\" decoding=\"async\" class=\"size-full wp-image-228792\" src=\"https:\/\/www.europesays.com\/de\/wp-content\/uploads\/2025\/07\/Sachaufzeichnung_Gesamtbild-der-relevanten-Gegenstaende_11694530306770402761-scaled.jpg\" alt=\"Diese strafrechtlich relevanten Gegenst\u00e4nde stellten die Bundespolizisten bei dem Mann fest. - Foto: Bundespolizei\" width=\"2560\" height=\"1349\"  \/>Diese strafrechtlich relevanten Gegenst\u00e4nde stellten die Bundespolizisten bei dem Mann fest. \u2013 Foto: Bundespolizei<\/p>\n<p>Bei der Durchsuchung fanden die Einsatzkr\u00e4fte neben einer Machete ein Taschenmesser, ein Messer mit feststehender Klinge, Kabelbinder, ein Multitool sowie drei kleine Fl\u00e4schchen mit pflanzlichen und braunen Substanzen. Der Mann gab an, dass es sich um 22 Gramm seiner Drogen handele, und erkl\u00e4rte, bereits Marihuana konsumiert zu haben. Weiterhin sagte er: \u201eIch gehe jetzt in den Wald, ich hab mir hier extra jetzt paar Bier geholt damit ich in Ruhe kiffen und Bier trinken kann!\u201c Die Beamten belehrten ihn, dass das Mitf\u00fchren einer Machete in einem Supermarkt kein berechtigtes Interesse im Sinne des Waffengesetzes darstellt. Die Waffen wurden sichergestellt. Gegen den deutschen Staatsb\u00fcrger, der der Polizei bereits bekannt ist, wurde ein Ordnungswidrigkeitsverfahren eingeleitet.\n<\/p>\n<p>In der Nacht zu Montag kam es zu einem weiteren Vorfall in der Inneren Neustadt. Gegen 1.25 Uhr beobachteten Beamte der Kriminalpolizeiinspektion an der Haltestelle \u201eRosa-Luxemburg-Platz\u201c einen 23-j\u00e4hrigen Mann, der den Unterstand mit blauer Farbe bespr\u00fchte. Die Beamten stellten ihn kurz darauf. Bei der Durchsuchung fanden sie mehrere Spraydosen und eine geringe Menge Kokain. Die Gegenst\u00e4nde wurden sichergestellt. Gegen den deutschen Tatverd\u00e4chtigen wird nun wegen Sachbesch\u00e4digung und unerlaubten Besitzes von Bet\u00e4ubungsmitteln ermittelt.\n<\/p>\n<p>\u00c4hnliche Beitr\u00e4ge vergangener Tage<\/p>\n","protected":false},"excerpt":{"rendered":"Am Wochenende und in der Nacht zu Montag kam es in der Neustadt zu mehreren Eins\u00e4tzen der Polizeidirektion&hellip;\n","protected":false},"author":2,"featured_media":250497,"comment_status":"","ping_status":"","sticky":false,"template":"","format":"standard","meta":{"footnotes":""},"categories":[1835],"tags":[421,3364,29,2386,30,121,859],"class_list":{"0":"post-250496","1":"post","2":"type-post","3":"status-publish","4":"format-standard","5":"has-post-thumbnail","7":"category-dresden","8":"tag-bundespolizei","9":"tag-de","10":"tag-deutschland","11":"tag-dresden","12":"tag-germany","13":"tag-polizei","14":"tag-sachsen"},"share_on_mastodon":{"url":"https:\/\/pubeurope.com\/@de\/114814467764574351","error":""},"_links":{"self":[{"href":"https:\/\/www.europesays.com\/de\/wp-json\/wp\/v2\/posts\/250496","targetHints":{"allow":["GET"]}}],"collection":[{"href":"https:\/\/www.europesays.com\/de\/wp-json\/wp\/v2\/posts"}],"about":[{"href":"https:\/\/www.europesays.com\/de\/wp-json\/wp\/v2\/types\/post"}],"author":[{"embeddable":true,"href":"https:\/\/www.europesays.com\/de\/wp-json\/wp\/v2\/users\/2"}],"replies":[{"embeddable":true,"href":"https:\/\/www.europesays.com\/de\/wp-json\/wp\/v2\/comments?post=250496"}],"version-history":[{"count":0,"href":"https:\/\/www.europesays.com\/de\/wp-json\/wp\/v2\/posts\/250496\/revisions"}],"wp:featuredmedia":[{"embeddable":true,"href":"https:\/\/www.europesays.com\/de\/wp-json\/wp\/v2\/media\/250497"}],"wp:attachment":[{"href":"https:\/\/www.europesays.com\/de\/wp-json\/wp\/v2\/media?parent=250496"}],"wp:term":[{"taxonomy":"category","embeddable":true,"href":"https:\/\/www.europesays.com\/de\/wp-json\/wp\/v2\/categories?post=250496"},{"taxonomy":"post_tag","embeddable":true,"href":"https:\/\/www.europesays.com\/de\/wp-json\/wp\/v2\/tags?post=250496"}],"curies":[{"name":"wp","href":"https:\/\/api.w.org\/{rel}","templated":true}]}}