{"id":250502,"date":"2025-07-07T23:10:25","date_gmt":"2025-07-07T23:10:25","guid":{"rendered":"https:\/\/www.europesays.com\/de\/250502\/"},"modified":"2025-07-07T23:10:25","modified_gmt":"2025-07-07T23:10:25","slug":"werder-bremen-wirbt-um-wanner-und-asllani-last-minute-transfers-moeglich","status":"publish","type":"post","link":"https:\/\/www.europesays.com\/de\/250502\/","title":{"rendered":"Werder Bremen wirbt um Wanner und Asllani \u2013 Last-Minute-Transfers m\u00f6glich"},"content":{"rendered":"<p>Ducksch verletzt sich beim Auftakt\u00a0<\/p>\n<p>                                    <img decoding=\"async\" src=\"https:\/\/www.europesays.com\/de\/wp-content\/uploads\/2025\/07\/paul-wanner-1-fc-heidenheim-2024-1725262767-146937.jpg\" title=\"Werder Bremen wirbt um Wanner und Asllani \u2013 Last-Minute-Transfers m\u00f6glich\" alt=\"Werder Bremen wirbt um Wanner und Asllani \u2013 Last-Minute-Transfers m\u00f6glich\"\/><\/p>\n<p>\n                                       \u00a9IMAGO\n                                    <\/p>\n<p>Mit 56 Jahren hat <a title=\"Horst Steffen\" href=\"https:\/\/www.transfermarkt.de\/horst-steffen\/profil\/trainer\/2438\" target=\"_blank\" rel=\"noopener\">Horst Steffen<\/a> sein gro\u00dfes Ziel erreicht: Beim Trainingsauftakt von <a title=\"SV Werder Bremen\" href=\"https:\/\/www.transfermarkt.de\/sv-werder-bremen\/startseite\/verein\/86\" target=\"_blank\" rel=\"noopener\">Werder Bremen<\/a> leitete der langj\u00e4hrige Coach der <a title=\"SV 07 Elversberg\" href=\"https:\/\/www.transfermarkt.de\/sv-07-elversberg\/startseite\/verein\/64\" target=\"_blank\" rel=\"noopener\">SV Elversberg<\/a> zum ersten Mal ein Team aus der <a title=\"Bundesliga\" href=\"https:\/\/www.transfermarkt.de\/bundesliga\/startseite\/wettbewerb\/L1\" target=\"_blank\" rel=\"noopener\">Bundesliga<\/a>. \u201eDas erste Training bei einem neuen Verein ist nat\u00fcrlich besonders\u201c, sagte Steffen. \u201eAufgeregt bin ich aber nicht, weil ich das ja schon kenne.\u201c<\/p>\n<p><\/p>\n<p>Noch arbeitet der Neu-Trainer in Bremen gr\u00f6\u00dftenteils mit den Spielern seines Vorg\u00e4ngers <a title=\"Ole Werner\" href=\"https:\/\/www.transfermarkt.de\/ole-werner\/profil\/trainer\/34514\" target=\"_blank\" rel=\"noopener\">Ole Werner<\/a> zusammen, der nun den Bundesliga-Konkurrenten <a title=\"RB Leipzig\" href=\"https:\/\/www.transfermarkt.de\/rasenballsport-leipzig\/startseite\/verein\/23826\" target=\"_blank\" rel=\"noopener\">RB Leipzig<\/a> coacht. Der geplante Umbau des Werder-Teams kommt nur langsam voran. Auf die Frage, wann er den Kader am liebsten zusammen h\u00e4tte, antwortete Steffen auf einer Pressekonferenz nach dem Trainingsauftakt mit einem Augenzwinkern: \u201eGestern.\u201c Ernster erg\u00e4nzte er: \u201eIch glaube, jeder Trainer w\u00fcnscht sich, den Kader m\u00f6glichst fr\u00fch beisammenzuhaben. Aber wir wissen auch, dass das selten gelingt.\u201c<\/p>\n<p><\/p>\n<p>Mit Abwehrspieler <a title=\"Maximilian W\u00f6ber\" href=\"https:\/\/www.transfermarkt.de\/maximilian-wober\/profil\/spieler\/263361\" target=\"_blank\" rel=\"noopener\">Maximilian W\u00f6ber<\/a> (27, <a title=\"Leeds United\" href=\"https:\/\/www.transfermarkt.de\/leeds-united\/startseite\/verein\/399\" target=\"_blank\" rel=\"noopener\">Leeds United<\/a>) stand bei Dauerregen und nasskalten 16 Grad nur ein Neuzugang auf dem Platz. Dazu kehrten zumindest vorerst auch <a title=\"Olivier Deman\" href=\"https:\/\/www.transfermarkt.de\/olivier-deman\/profil\/spieler\/621802\" target=\"_blank\" rel=\"noopener\">Olivier Deman<\/a> (25, <a title=\"Royal Antwerpen FC\" href=\"https:\/\/www.transfermarkt.de\/royal-antwerpen-fc\/startseite\/verein\/1096\" target=\"_blank\" rel=\"noopener\">Royal Antwerpen<\/a>), <a title=\"Dawid Kownacki\" href=\"https:\/\/www.transfermarkt.de\/dawid-kownacki\/profil\/spieler\/208167\" target=\"_blank\" rel=\"noopener\">Dawid Kownacki<\/a> (28, <a title=\"Fortuna D\u00fcsseldorf\" href=\"https:\/\/www.transfermarkt.de\/fortuna-dusseldorf\/startseite\/verein\/38\" target=\"_blank\" rel=\"noopener\">Fortuna D\u00fcsseldorf<\/a>), <a title=\"Dikeni Salifou\" href=\"https:\/\/www.transfermarkt.de\/dikeni-salifou\/profil\/spieler\/664973\" target=\"_blank\" rel=\"noopener\">Dikeni Salifou<\/a> (22, <a title=\"SK Austria Klagenfurt\" href=\"https:\/\/www.transfermarkt.de\/sk-austria-klagenfurt\/startseite\/verein\/28760\" target=\"_blank\" rel=\"noopener\">Austria Klagenfurt<\/a>) und <a title=\"Isak Hansen-Aar\u00f8en\" href=\"https:\/\/www.transfermarkt.de\/isak-hansen-aaroen\/profil\/spieler\/670116\" target=\"_blank\" rel=\"noopener\">Isak Hansen-Aar\u00f8en<\/a> (20, <a title=\"Aalborg BK\" href=\"https:\/\/www.transfermarkt.de\/aalborg-bk\/startseite\/verein\/1053\" target=\"_blank\" rel=\"noopener\">Aalborg BK<\/a>) zur\u00fcck, die verliehen waren. Bis zum ersten Bundesliga-Spiel am 23. oder 24. August bei <a title=\"Eintracht Frankfurt\" href=\"https:\/\/www.transfermarkt.de\/eintracht-frankfurt\/startseite\/verein\/24\" target=\"_blank\" rel=\"noopener\">Eintracht Frankfurt<\/a> sucht Werder vor allem noch Verst\u00e4rkungen f\u00fcr das Mittelfeld und den Angriff.<\/p>\n<p>\nWerder Bremen wirbt offen um Wanner und Asllani<\/p>\n<p>Es gebe \u201eein, zwei Kandidaten, die noch dazusto\u00dfen k\u00f6nnten\u201c, verriet Steffen. \u201eIm vorderen Bereich denken wir dar\u00fcber nach, ob noch etwas passiert. Und es ist klar, dass auf der rechten Seite eventuell etwas passieren kann.\u201c Allerdings gebe es auch einen \u201eguten Stamm\u201c in der Mannschaft. \u201eGrunds\u00e4tzlich sind wir so aufgestellt, dass wir bis dahin ganz ordentlich arbeiten k\u00f6nnen.\u201c<\/p>\n<p><\/p>\n<p>Einige ehemalige Elversberger Sch\u00fctzlinge werden nun mit Werder in Verbindung gebracht, im Fokus stehen vor allem <a title=\"Paul Wanner\" href=\"https:\/\/www.transfermarkt.de\/paul-wanner\/profil\/spieler\/900909\" target=\"_blank\" rel=\"noopener\">Paul Wanner<\/a> (19) vom <a title=\"FC Bayern M\u00fcnchen\" href=\"https:\/\/www.transfermarkt.de\/fc-bayern-munchen\/startseite\/verein\/27\" target=\"_blank\" rel=\"noopener\">FC Bayern<\/a> und <a title=\"Fisnik Asllani\" href=\"https:\/\/www.transfermarkt.de\/fisnik-asllani\/profil\/spieler\/524290\" target=\"_blank\" rel=\"noopener\">Fisnik Asllani<\/a> (22) von der <a title=\"TSG 1899 Hoffenheim\" href=\"https:\/\/www.transfermarkt.de\/tsg-1899-hoffenheim\/startseite\/verein\/533\" target=\"_blank\" rel=\"noopener\">TSG Hoffenheim<\/a>. \u201eDas sind Jungs, mit denen ich gut zusammengearbeitet habe, die ganz interessant sind\u201c, gab Steffen offen zu. \u201eDer Umgang mit beiden Spielern war so, dass sie ganz gut performt haben und es genossen haben. Deshalb braucht es da nicht ganz so viel \u00dcberzeugungsarbeit.\u201c Trotzdem gebe es \u201eauch andere Kandidaten, die wir besprechen.\u201c<\/p>\n<p>\n    <a class=\"bbcodesLink\" href=\"https:\/\/www.transfermarkt.de\/wechselt-paul-wanner-zu-sv-werder-bremen-\/thread\/forum\/154\/thread_id\/1073011\" target=\"_blank\" rel=\"noopener\"><\/p>\n<tr>\n<p>                        Ger\u00fccht<\/p>\n<\/tr>\n<tr class=\"contentzeile\">\n<td class=\"spielerbild\" rowspan=\"2\">\n                        <img decoding=\"async\" src=\"https:\/\/www.europesays.com\/de\/wp-content\/uploads\/2025\/07\/900909-1736762820.jpg\" title=\"Paul Wanner\" alt=\"Paul Wanner\" class=\"\"\/>                    <\/td>\n<td class=\"spielername\">\n                        <a title=\"Paul Wanner\" href=\"https:\/\/www.transfermarkt.de\/paul-wanner\/profil\/spieler\/900909\" target=\"_blank\" rel=\"noopener\">P. Wanner<\/a>                    <\/td>\n<td class=\"vereinswappen\" rowspan=\"2\">\n                        <img decoding=\"async\" src=\"https:\/\/www.europesays.com\/de\/wp-content\/uploads\/2025\/04\/27.png\" title=\"FC Bayern M\u00fcnchen\" alt=\"FC Bayern M\u00fcnchen\" class=\"\"\/>                    <\/td>\n<td class=\"c2action\" rowspan=\"2\"><\/td>\n<\/tr>\n<tr class=\"contentzeile\">\n<td class=\"position\">\n                        Offensives Mittelfeld                    <\/td>\n<\/tr>\n<tr class=\"contentZeileSpielerGK\">\n<td colspan=\"4\">\n<tr>\n<td class=\"vereinsname\">\n                                    Bayern M\u00fcnchen                                <\/td>\n<td class=\"vereinswappen\" rowspan=\"2\">\n                                    <img decoding=\"async\" src=\"https:\/\/www.europesays.com\/de\/wp-content\/uploads\/2025\/04\/27.png\" title=\"FC Bayern M\u00fcnchen\" alt=\"FC Bayern M\u00fcnchen\" class=\"\"\/>                                <\/td>\n<td class=\"wahrscheinlichkeit-auf\" rowspan=\"2\">\n<p>\u00a0<\/p>\n<p>                                        40                                        %\n                                                                        <\/td>\n<td class=\"vereinswappen\" rowspan=\"2\">\n                                    <img decoding=\"async\" src=\"https:\/\/www.europesays.com\/de\/wp-content\/uploads\/2025\/04\/86.png\" title=\"SV Werder Bremen\" alt=\"SV Werder Bremen\" class=\"\"\/>                                <\/td>\n<td class=\"vereinsname\">\n                                    Werder Bremen                                <\/td>\n<\/tr>\n<tr>\n<td>\n                                    Bundesliga                                <\/td>\n<td>\n                                    Bundesliga                                <\/td>\n<\/tr>\n<\/td>\n<\/tr>\n<p>    <\/a>\n<\/p>\n<p>Anders als Vorg\u00e4nger Werner will Steffen in der Defensive mit einer Viererkette agieren. In welcher Formation genau Werder k\u00fcnftig auflaufen werde, \u201edas werden wir sehen\u201c, lie\u00df der neue Trainer offen. Erst sollen genug Eindr\u00fccke gesammelt werden. Das gilt auch f\u00fcrs Tor. Zwar habe <a title=\"Michael Zetterer\" href=\"https:\/\/www.transfermarkt.de\/michael-zetterer\/profil\/spieler\/196813\" target=\"_blank\" rel=\"noopener\">Michael Zetterer<\/a> (29) \u201esich seine Stammspielerrolle verdient\u201c, erkl\u00e4rte Steffen, aber <a href=\"https:\/\/www.transfermarkt.de\/mio-backhaus\/profil\/spieler\/620295\" target=\"_blank\" rel=\"noopener\">Mio Backhaus<\/a> (21) sei \u201eauch ein toller Kandidat, ein gro\u00dfes Talent\u201c. \u201eDa nehmen wir uns die Zeit, das zu bewerten.\u201c<\/p>\n<p><a href=\"https:\/\/www.transfermarkt.de\/vergleich\/spielervergleich\/statistik\/def\/spieler\/196813&amp;620295\" target=\"_blank\" class=\"spielervergleichLink\" rel=\"noopener\"><\/p>\n<p>Spielervergleich<\/p>\n<p>\n                SV Werder Bremen            <\/p>\n<p>\n                SV Werder Bremen            <\/p>\n<p>4,50 Mio. \u20ac<\/p>\n<p>Marktwert<\/p>\n<p>2,00 Mio. \u20ac<\/p>\n<p>        <br class=\"clearer\"\/><\/p>\n<p>        <br class=\"clearer\"\/><\/p>\n<p>        <br class=\"clearer\"\/><\/p>\n<p>\n            Zum kompletten Spielervergleich\n        <\/p>\n<p><\/a><\/p>\n<p>Bis klar ist, \u201ewas auf dem Markt alles so passiert\u201c, wird Steffen erst mal den aktuellen Kader genau unter die Lupe nehmen. Jeder hat die Chance, sich zu empfehlen. \u201eEs wird schon noch ein paar Tage dauern, bis wir sagen, bei welchen Spielern es leistungsm\u00e4\u00dfig reicht und bei welchen nicht\u201c, erkl\u00e4rte Steffen, der auch betonte: \u201eDiese Entscheidungen werden aber in naher Zukunft fallen.\u201c Einige Spieler w\u00fcrden den Verein sicherlich noch verlassen. \u201eDas h\u00e4ngt aber auch vom Markt ab und davon, wer uns vielleicht noch verst\u00e4rken wird.\u201c<\/p>\n<p>\n    Community<br \/>\n    \u00dcber Werder Bremen mitdiskutieren<br \/>\n        <a href=\"https:\/\/www.transfermarkt.de\/sv-werder-bremen\/detail\/forum\/15\" target=\"_blank\" rel=\"noopener\">Hier lang!<\/a><\/p>\n<p>Die Kaderplanung k\u00f6nnte durch Steffen noch mal durcheinandergewirbelt werden. \u201eDer Trainerwechsel ist ein wichtiger Faktor. Es kann gut sein, dass Spieler, die vorher eine untergeordnete Rolle hatten, jetzt eine neue Chance sehen\u201c, skizzierte Lizenzleiter <a title=\"Peter Niemeyer\" href=\"https:\/\/www.transfermarkt.de\/peter-niemeyer\/profil\/trainer\/69869\" target=\"_blank\" rel=\"noopener\">Peter Niemeyer<\/a>. \u201eIch bin \u00fcberzeugt, dass sich noch etwas tun wird \u2013 auf beiden Seiten. Die Situation hat sich durch den neuen Trainer aber auch ein St\u00fcck weit ver\u00e4ndert.\u201c Man sei aber nat\u00fcrlich \u201eaktiv auf dem Markt\u201c, behalte \u201edas Ganze im Blick\u201c und pr\u00fcfe, \u201ewo sich Optionen ergeben. Auch abh\u00e4ngig davon, was innerhalb unseres Kaders noch passiert.\u201c<\/p>\n<p><\/p>\n<p>Zun\u00e4chst hei\u00dft es f\u00fcr Steffen: Abwarten und bewerten. \u201eWas wir f\u00fcr M\u00f6glichkeiten haben, vielleicht selbst noch Transfers zu t\u00e4tigen, das ist ja auch immer abh\u00e4ngig davon, was wir bekommen k\u00f6nnen\u201c, schilderte er. Das Warten sei aber auch kein Problem. \u201eIch habe schon h\u00e4ufiger Last-Minute-Transfers erlebt, die sehr gut funktioniert haben \u2013 trotz geringer Eingew\u00f6hnungszeit\u201c, so Steffen, der optimistisch ist: \u201eWenn nicht viele Spieler aus dem aktuellen Stamm den Verein verlassen, bin ich zuversichtlich, dass wir eine gute Mannschaft haben.\u201c<\/p>\n<p>\nDucksch verletzt sich beim erstem Training von Werder Bremen<\/p>\n<p>Eine schlechte Nachricht gab es f\u00fcr Steffen am Montag aber auch: St\u00fcrmer <a title=\"Marvin Ducksch\" href=\"https:\/\/www.transfermarkt.de\/marvin-ducksch\/profil\/spieler\/125103\" target=\"_blank\" rel=\"noopener\">Marvin Ducksch<\/a> (31) hat sich beim Trainingsauftakt von Werder eine Verletzung zugezogen und den Platz vorzeitig verlassen. \u201eEs hat in der Wade gezwickt. Das ist nicht sch\u00f6n, das ist nicht erfreulich. Aber wir m\u00fcssen die genaue Diagnose abwarten\u201c, sagte der neue Bremer Trainer, der \u00fcber die erste Einheit erg\u00e4nzte: \u201eIch habe auch Regionalliga mit Elversberg genossen. Und auch Landesliga mit <a title=\"SC Kapellen-Erft\" href=\"https:\/\/www.transfermarkt.de\/sc-kapellen-erft\/startseite\/verein\/3550\" target=\"_blank\" rel=\"noopener\">Kapellen-Erft<\/a> genossen. Ich mache meine Arbeit sehr gerne. Trotzdem gab es die Situation, in der ich gedacht habe: Geil, dass ich jetzt Bundesliga-Trainer bin.\u201c<\/p>\n<p><\/p>\n<p><a href=\"https:\/\/www.transfermarkt.de\/whoAmI\" target=\"_blank\" rel=\"noopener\"><br \/>\n    <img loading=\"lazy\" decoding=\"async\" class=\"innews\" src=\"https:\/\/www.europesays.com\/de\/wp-content\/uploads\/2025\/06\/who-am-i-innews-de-1739290259-160916.jpg\" alt=\"\" width=\"503\" height=\"137\"\/><\/p>\n<p><\/a><\/p>\n","protected":false},"excerpt":{"rendered":"Ducksch verletzt sich beim Auftakt\u00a0 \u00a9IMAGO Mit 56 Jahren hat Horst Steffen sein gro\u00dfes Ziel erreicht: Beim Trainingsauftakt&hellip;\n","protected":false},"author":2,"featured_media":250503,"comment_status":"","ping_status":"","sticky":false,"template":"","format":"standard","meta":{"footnotes":""},"categories":[1824],"tags":[2420,299,3364,29,458,68138,30,46925,17228,61603,76992,48144,2365,968],"class_list":{"0":"post-250502","1":"post","2":"type-post","3":"status-publish","4":"format-standard","5":"has-post-thumbnail","7":"category-bremen","8":"tag-bremen","9":"tag-bundesliga","10":"tag-de","11":"tag-deutschland","12":"tag-fc-bayern-muenchen","13":"tag-fisnik-asllani","14":"tag-germany","15":"tag-horst-steffen","16":"tag-marvin-ducksch","17":"tag-michael-zetterer","18":"tag-mio-backhaus","19":"tag-paul-wanner","20":"tag-sv-werder-bremen","21":"tag-tsg-1899-hoffenheim"},"share_on_mastodon":{"url":"https:\/\/pubeurope.com\/@de\/114814484541528283","error":""},"_links":{"self":[{"href":"https:\/\/www.europesays.com\/de\/wp-json\/wp\/v2\/posts\/250502","targetHints":{"allow":["GET"]}}],"collection":[{"href":"https:\/\/www.europesays.com\/de\/wp-json\/wp\/v2\/posts"}],"about":[{"href":"https:\/\/www.europesays.com\/de\/wp-json\/wp\/v2\/types\/post"}],"author":[{"embeddable":true,"href":"https:\/\/www.europesays.com\/de\/wp-json\/wp\/v2\/users\/2"}],"replies":[{"embeddable":true,"href":"https:\/\/www.europesays.com\/de\/wp-json\/wp\/v2\/comments?post=250502"}],"version-history":[{"count":0,"href":"https:\/\/www.europesays.com\/de\/wp-json\/wp\/v2\/posts\/250502\/revisions"}],"wp:featuredmedia":[{"embeddable":true,"href":"https:\/\/www.europesays.com\/de\/wp-json\/wp\/v2\/media\/250503"}],"wp:attachment":[{"href":"https:\/\/www.europesays.com\/de\/wp-json\/wp\/v2\/media?parent=250502"}],"wp:term":[{"taxonomy":"category","embeddable":true,"href":"https:\/\/www.europesays.com\/de\/wp-json\/wp\/v2\/categories?post=250502"},{"taxonomy":"post_tag","embeddable":true,"href":"https:\/\/www.europesays.com\/de\/wp-json\/wp\/v2\/tags?post=250502"}],"curies":[{"name":"wp","href":"https:\/\/api.w.org\/{rel}","templated":true}]}}