{"id":250510,"date":"2025-07-07T23:14:13","date_gmt":"2025-07-07T23:14:13","guid":{"rendered":"https:\/\/www.europesays.com\/de\/250510\/"},"modified":"2025-07-07T23:14:13","modified_gmt":"2025-07-07T23:14:13","slug":"bvb-fanclub-ahaus-feiert-geburtstag","status":"publish","type":"post","link":"https:\/\/www.europesays.com\/de\/250510\/","title":{"rendered":"BVB Fanclub Ahaus feiert Geburtstag"},"content":{"rendered":"<p>    <a href=\"https:\/\/www.muensterlandzeitung.de\/wp-content\/uploads\/2025\/07\/07\/22\/630_0900_4854991_ah_dortmund_fanclub_30_Jahre-1648x824.jpg\" target=\"_blank\" rel=\"noopener\"><\/p>\n<p>            <img loading=\"lazy\" decoding=\"async\" src=\"https:\/\/www.europesays.com\/de\/wp-content\/uploads\/2025\/07\/630_0900_4854990_ah_dortmund_fanclub_30_Jahre-640x428.jpg\" width=\"640\" height=\"428\"  alt=\"Christoph Wissing, Franz-Josef Telmer und Markus Lobreyer stehen vor der Gastst\u00e4tte M\u00f6llers.\"\/><\/p>\n<p>    <\/a><br \/>\n    Vor drei\u00dfig Jahren gr\u00fcndete sich der BVB-Fanclub Ahaus. Genauer gesagt am 27. Januar 1995 in der ehemaligen Gastst\u00e4tte M\u00f6llers in Ahaus. Christoph Wissing (v.l), Gr\u00fcndungsmitglied Franz-Josef Telmer und Markus Lobreyer geben Einblick in die bisherige Vereinsgeschichte. \u00a9 Jenny Kahlert<\/p>\n<p class=\"article__teaser-text\">Seit drei\u00dfig Jahren verbindet die Mitglieder des BVB-Fanclubs Ahaus eine schwarz-gelbe Liebe. In der Gastst\u00e4tte M\u00f6llers fing alles an, jetzt wird gefeiert.<\/p>\n<p>3 Min Lesezeit<\/p>\n<p>Es ist der 27. Januar 1995, zwanzig Personen sitzen in der (heute ehemaligen) Gastst\u00e4tte M\u00f6llers in Ahaus. Sie haben sich hier versammelt, weil sie auf die handgeschriebenen Plakate aufmerksam geworden sind, die in den letzten Tagen rund um Ahaus verteilt worden waren.<\/p>\n<p> Auf ihnen stand, dass ein Fanclub ins Leben gerufen werden soll, genauer gesagt von der Fu\u00dfballmannschaft Borussia Dortmund.<\/p>\n<p>Gesagt, getan. Dieser Abend ist der Beginn einer Vereinsgeschichte, die in diesem Jahr ihren 30. Geburtstag feiert. Von den damals zwanzig sind noch vier Gr\u00fcndungsmitglieder dem Verein treu geblieben, einer von ihnen ist der 63-j\u00e4hrige Franz-Josef Telmer.<\/p>\n<p>\u201eWir sa\u00dfen also alle bei M\u00f6llers und dann pl\u00f6tzlich \u2013 Stromausfall, alles war dunkel. Genau in dem Moment hat ein Bagger auf der Stra\u00dfe ein Kabel durchtrennt, da mussten wir \u00fcberall um uns herum Kerzen aufstellen\u201c, erinnert er sich an die Gr\u00fcndungsstunde.<\/p>\n<p>F\u00fcr Borussia Dortmund k\u00f6nnte es zeitgleich nicht besser laufen. In Bremen macht die Mannschaft im Juni 1995 die Meisterschaft klar und auch im Jahr darauf bleibt die Schale am Borsigplatz. Dann der 28. Mai 1997 \u2013 Dortmund schl\u00e4gt Juventus Turin mit 3:1. \u201eRiedle, Riedle, Ricken\u201c, wei\u00df Franz-Josef Telmer auswendig. So gewinnt der BVB die Champions League.<\/p>\n<p>All das pr\u00e4gt die ersten Jahre vom Ahauser Fanclub. \u201eWir waren so ein junger Fanclub und konnten in den ersten drei Jahren drei Titel feiern, das war einfach nur geil\u201c, schw\u00e4rmt Franz-Josef Telmer noch heute.<\/p>\n<p>Der sportliche Erfolg der Mannschaft beeinflusst auch den Fanclub, innerhalb k\u00fcrzester Zeit steigt die Mitgliederzahl auf 200, eine Zahl, die \u00fcber die 30 Jahre bis heute konstant bleibt. 1997 l\u00e4sst sich der Fanclub als offizieller Verein eintragen. Lange Zeit vertrat Rainer Wiemann den Fanclub als Vorsitzender, mittlerweile ist das Amt auf Tim B\u00f6wing \u00fcbergegangen.<\/p>\n<p>Die Gastst\u00e4tte M\u00f6llers wird zur Vereinsgastst\u00e4tte, damals in einem kleinen Raum verfolgt man die Ausw\u00e4rtsspiele zusammen, den Weg ins Westfalenstadion organisieren sie erst \u00fcber die privaten Pkw der Mitglieder, dann wird ein Bus gemietet.<\/p>\n<p>In den Anfangsjahren wurden so Fahrten nach Karlsruhe, Berlin, Hamburg oder Mailand organisiert. Sp\u00e4ter wurden es kleinere Delegationen, die den Fanclub in der Bundesliga und international vertreten \u2013 so auch heute noch.<\/p>\n<p>Gro\u00dfkreuz in Ahaus<\/p>\n<p>In den Anf\u00e4ngen setzt der Verein viel auf Familienfreundlichkeit, viele Mitglieder haben da noch kleinere Kinder, so werden eigene Sch\u00fctzenfeste, Sommerfeste und Nikolaus gefeiert. <\/p>\n<p>Aber auch die eigenen Helden besuchen den Fanclub. So sitzt im Januar 1998 Kevin Gro\u00dfkreuz zusammen mit Torwarttrainer Wolfgang \u201eTeddy\u201c de Beer bei einer Mitgliederversammlung mit am Tisch. <\/p>\n<p>\u201eWir haben ihn alles M\u00f6gliche gefragt und uns einfach riesig gefreut, ihn bei uns zu haben\u201c, erinnert sich Mitglied Christoph Wissing.<\/p>\n<p>Ahaus, Karlsruhe, Mailand<\/p>\n<p>Spricht man \u00fcber Anekdoten, die in den 30 Jahren Fanclub entstanden sind, so landet man schnell bei den unz\u00e4hligen Ausw\u00e4rtsfahrten, die der Fanclub schon auf sich genommen hat. <\/p>\n<p>Innerhalb von Deutschland war der Betzenberg in Karlsruhe das weiteste Ziel, international das Giuseppe-Meazza-Stadion in Mailand, Italien.<\/p>\n<p>F\u00fcr den Gesch\u00e4ftsf\u00fchrer des Fanclubs Markus Lobreyer eine besondere Ausw\u00e4rtsfahrt war die 2013 nach London, Champions League Finale, Bayern M\u00fcnchen gegen Borussia Dortmund. <\/p>\n<p>\u201eIch bin mit nach London gefahren, obwohl ich keine Karte hatte. Auf der Fahrt wurde ich dann damit \u00fcberrascht, dass doch noch eine Karte \u00fcbrig ist, da habe ich mich riesig gefreut\u201c, so der Gesch\u00e4ftsf\u00fchrer.<\/p>\n<p>Auch 2024 ging es f\u00fcr den Fanclub wieder nach London, diesmal gegen Real Madrid. Christoph Wissing ist da eine Situation mit zwei \u00e4lteren Mitgliedern im Taxi im Kopf geblieben.<\/p>\n<p>\u201eUns hat der Taxifahrer gefragt, wo wir hin m\u00fcssen, nat\u00fcrlich auf Englisch. Reinhard Hackfort fragt mich \u201aWas hat der gesagt?\u2018, aber auf Platt. Da habe ich mir nur gedacht: Jungs, ohne mich w\u00e4rt ihr nie wieder nach Hause gekommen.\u201c<\/p>\n<p>Feier im BamBoo<\/p>\n<p>Diese und noch mehr Anekdoten, Emotionen und Geschichten will der Fanclub am Samstag, 12. Juli im BamBoo in Ahaus Revue passieren lassen. Franz-Josef Telmer hat sich daf\u00fcr etwas Besonderes einfallen lassen. \u201eIch werde eine Rede \u00fcber die 30 Jahre Vereinsleben halten, allerdings in Gedichtform.\u201c<\/p>\n<p><img decoding=\"async\" width=\"1024\" height=\"682\" loading=\"lazy\" src=\"https:\/\/www.europesays.com\/de\/wp-content\/uploads\/2025\/07\/630_0900_4857414_WhatsApp_Image_2025_07_04_at_19_38_28-1024x682.jpg\" alt=\"Mitglieder vom BVB Fanclub Ahaus stehen vor dem Wembley Stadion.\" class=\"wp-image-9001661482\" title=\"Mitglieder vom BVB Fanclub Ahaus stehen vor dem Wembley Stadion.\"  \/>Finale in London 2024, der BVB-Fanclub Ahaus ist dabei. Noch vor dem Spiel machen einige aus der Gruppe mit dem Busfahrer eine Tour zu den verschiedenen Stadien in London.\u00a9 BVB Fanclub Ahaus<\/p>\n<p><img decoding=\"async\" width=\"1024\" height=\"682\" loading=\"lazy\" src=\"https:\/\/www.europesays.com\/de\/wp-content\/uploads\/2025\/07\/630_0900_4857415_WhatsApp_Image_2025_07_04_at_19_38_30-1024x682.jpg\" alt=\"Mitglieder vom Dortmund Fanclub Ahaus stehen vor dem Brandenburger Tor.\" class=\"wp-image-9001661483\" title=\"Mitglieder vom Dortmund Fanclub Ahaus stehen vor dem Brandenburger Tor.\"  \/>Auch in die Hauptstadt verschl\u00e4gt es den Fanclub, am 18. Februar 2012 muss die Borussia gegen Hertha ran und nimmt anschlie\u00dfend drei Punkte wieder mit nach Dortmund.\u00a9 BVB Fanclub Ahaus<\/p>\n<p><img decoding=\"async\" width=\"1024\" height=\"682\" loading=\"lazy\" src=\"https:\/\/www.europesays.com\/de\/wp-content\/uploads\/2025\/07\/630_0900_4857416_WhatsApp_Image_2025_07_04_at_19_38_29_1-1024x682.jpg\" alt=\"Mitglieder vom Fanclub sitzen im Bus.\" class=\"wp-image-9001661484\" title=\"Mitglieder vom Fanclub sitzen im Bus.\"  \/>Zu den Heimspielen ist der BVB-Fanclub Ahaus mit dem Bus unterwegs. Dort ist es eine beliebte Tradition, nach einem Sieg pro BVB-Tor eine Runde mit dem Bus im Kreisverkehr am BamBoo zu fahren.\u00a9 BVB Fanclub Ahaus<\/p>\n<p><img decoding=\"async\" width=\"1024\" height=\"683\" loading=\"lazy\" src=\"https:\/\/www.europesays.com\/de\/wp-content\/uploads\/2025\/07\/630_0900_4857417_WhatsApp_Image_2025_07_04_at_19_38_29-1024x683.jpg\" alt=\"Teddy de Beer und Markus Lobreyer halten ein Trikot hoch.\" class=\"wp-image-9001661485\" title=\"Teddy de Beer und Markus Lobreyer halten ein Trikot hoch.\"  \/>Das 25-j\u00e4hrige Jubil\u00e4um vom Fanclub wurde pandemiebedingt nur wenig gefeiert. Daf\u00fcr \u00fcbergab jedoch Wolfgang \u201eTeddy\u201c de Beer dem Gesch\u00e4ftsf\u00fchrer Markus Lobreyer ein Jubil\u00e4umstrikot.\u00a9 BVB Fanclub Ahaus<\/p>\n<p>\n\t<a href=\"https:\/\/www.muensterlandzeitung.de\" class=\"button button--brand button--link home-button\" target=\"_blank\" rel=\"noopener\">Zur Startseite<\/a><\/p>\n","protected":false},"excerpt":{"rendered":"Vor drei\u00dfig Jahren gr\u00fcndete sich der BVB-Fanclub Ahaus. Genauer gesagt am 27. Januar 1995 in der ehemaligen Gastst\u00e4tte&hellip;\n","protected":false},"author":2,"featured_media":250511,"comment_status":"","ping_status":"","sticky":false,"template":"","format":"standard","meta":{"footnotes":""},"categories":[1833],"tags":[3364,29,217,12351,30,1209,7195],"class_list":{"0":"post-250510","1":"post","2":"type-post","3":"status-publish","4":"format-standard","5":"has-post-thumbnail","7":"category-dortmund","8":"tag-de","9":"tag-deutschland","10":"tag-dortmund","11":"tag-fanclub","12":"tag-germany","13":"tag-nordrhein-westfalen","14":"tag-vereine"},"share_on_mastodon":{"url":"https:\/\/pubeurope.com\/@de\/114814495449531424","error":""},"_links":{"self":[{"href":"https:\/\/www.europesays.com\/de\/wp-json\/wp\/v2\/posts\/250510","targetHints":{"allow":["GET"]}}],"collection":[{"href":"https:\/\/www.europesays.com\/de\/wp-json\/wp\/v2\/posts"}],"about":[{"href":"https:\/\/www.europesays.com\/de\/wp-json\/wp\/v2\/types\/post"}],"author":[{"embeddable":true,"href":"https:\/\/www.europesays.com\/de\/wp-json\/wp\/v2\/users\/2"}],"replies":[{"embeddable":true,"href":"https:\/\/www.europesays.com\/de\/wp-json\/wp\/v2\/comments?post=250510"}],"version-history":[{"count":0,"href":"https:\/\/www.europesays.com\/de\/wp-json\/wp\/v2\/posts\/250510\/revisions"}],"wp:featuredmedia":[{"embeddable":true,"href":"https:\/\/www.europesays.com\/de\/wp-json\/wp\/v2\/media\/250511"}],"wp:attachment":[{"href":"https:\/\/www.europesays.com\/de\/wp-json\/wp\/v2\/media?parent=250510"}],"wp:term":[{"taxonomy":"category","embeddable":true,"href":"https:\/\/www.europesays.com\/de\/wp-json\/wp\/v2\/categories?post=250510"},{"taxonomy":"post_tag","embeddable":true,"href":"https:\/\/www.europesays.com\/de\/wp-json\/wp\/v2\/tags?post=250510"}],"curies":[{"name":"wp","href":"https:\/\/api.w.org\/{rel}","templated":true}]}}