{"id":250514,"date":"2025-07-07T23:16:10","date_gmt":"2025-07-07T23:16:10","guid":{"rendered":"https:\/\/www.europesays.com\/de\/250514\/"},"modified":"2025-07-07T23:16:10","modified_gmt":"2025-07-07T23:16:10","slug":"bebauungsplan-nr-444-stadtquartier-an-der-kolmstrasse-leipzig-suedost-oeffentliche-auslegung-des-planentwurfs","status":"publish","type":"post","link":"https:\/\/www.europesays.com\/de\/250514\/","title":{"rendered":"Bebauungsplan Nr. 444, Stadtquartier an der Kolmstra\u00dfe, Leipzig-S\u00fcdost &#8211; \u00d6ffentliche Auslegung des Planentwurfs \u00a0"},"content":{"rendered":"<p>                            Ver\u00f6ffentlichung des Planentwurfs vom 8. Juli 2025 bis 21. August 2025<\/p>\n<p>Der Entwurf des Bebauungsplanes und seine Begr\u00fcndung sowie die wesentlichen, bereits vorliegenden umweltbezogenen Stellungnahmen werden vom 08.07.2025 bis 21.08.2025 ver\u00f6ffentlicht.<\/p>\n<p>Der Geltungsbereich des Bebauungsplans befindet\u00a0sich in Leipzig-S\u00fcdost, im Ortsteil St\u00f6tteritz zwischen Holzh\u00e4user Stra\u00dfe, Kolmstra\u00dfe und dem Wohngebiet \u201eAm Sonnenwinkel\u201c (siehe Karte).<\/p>\n<p class=\"text-justify\">Auf den vormals durch den ehemaligen VEB Ger\u00e4te- und Reglerwerke Teltow gewerblich genutzten und nun brach liegenden Fl\u00e4chen ist die Entwicklung eines gemischt genutzten, autoarmen Wohnquartiers mit Oberschule, Sporthalle, Sportfreifl\u00e4chen in Doppelnutzung mit einem Bolzplatz sowie kleineren Gewerbenutzungen angestrebt. Die auf dem Plangebiet vorhandene Gr\u00fcnfl\u00e4che und die Nutzung der soziokulturellen Einrichtung \u201eZaubergarten\u201c als Naturerfahrungsraum sollen in diesem Zusammenhang planungsrechtlich gesichert werden.<\/p>\n","protected":false},"excerpt":{"rendered":"Ver\u00f6ffentlichung des Planentwurfs vom 8. Juli 2025 bis 21. August 2025 Der Entwurf des Bebauungsplanes und seine Begr\u00fcndung&hellip;\n","protected":false},"author":2,"featured_media":250515,"comment_status":"","ping_status":"","sticky":false,"template":"","format":"standard","meta":{"footnotes":""},"categories":[1832],"tags":[41783,14314,3364,29,30,71,859],"class_list":{"0":"post-250514","1":"post","2":"type-post","3":"status-publish","4":"format-standard","5":"has-post-thumbnail","7":"category-leipzig","8":"tag-bauleitplanung","9":"tag-bebauungsplan","10":"tag-de","11":"tag-deutschland","12":"tag-germany","13":"tag-leipzig","14":"tag-sachsen"},"share_on_mastodon":{"url":"https:\/\/pubeurope.com\/@de\/114814503090833322","error":""},"_links":{"self":[{"href":"https:\/\/www.europesays.com\/de\/wp-json\/wp\/v2\/posts\/250514","targetHints":{"allow":["GET"]}}],"collection":[{"href":"https:\/\/www.europesays.com\/de\/wp-json\/wp\/v2\/posts"}],"about":[{"href":"https:\/\/www.europesays.com\/de\/wp-json\/wp\/v2\/types\/post"}],"author":[{"embeddable":true,"href":"https:\/\/www.europesays.com\/de\/wp-json\/wp\/v2\/users\/2"}],"replies":[{"embeddable":true,"href":"https:\/\/www.europesays.com\/de\/wp-json\/wp\/v2\/comments?post=250514"}],"version-history":[{"count":0,"href":"https:\/\/www.europesays.com\/de\/wp-json\/wp\/v2\/posts\/250514\/revisions"}],"wp:featuredmedia":[{"embeddable":true,"href":"https:\/\/www.europesays.com\/de\/wp-json\/wp\/v2\/media\/250515"}],"wp:attachment":[{"href":"https:\/\/www.europesays.com\/de\/wp-json\/wp\/v2\/media?parent=250514"}],"wp:term":[{"taxonomy":"category","embeddable":true,"href":"https:\/\/www.europesays.com\/de\/wp-json\/wp\/v2\/categories?post=250514"},{"taxonomy":"post_tag","embeddable":true,"href":"https:\/\/www.europesays.com\/de\/wp-json\/wp\/v2\/tags?post=250514"}],"curies":[{"name":"wp","href":"https:\/\/api.w.org\/{rel}","templated":true}]}}