{"id":250529,"date":"2025-07-07T23:24:15","date_gmt":"2025-07-07T23:24:15","guid":{"rendered":"https:\/\/www.europesays.com\/de\/250529\/"},"modified":"2025-07-07T23:24:15","modified_gmt":"2025-07-07T23:24:15","slug":"hannover-96-weltmeister-zieler-wechselt-ueberraschend-nach-koeln-2","status":"publish","type":"post","link":"https:\/\/www.europesays.com\/de\/250529\/","title":{"rendered":"Hannover 96: Weltmeister Zieler wechselt \u00fcberraschend nach K\u00f6ln"},"content":{"rendered":"<p>        <img decoding=\"async\" src=\"https:\/\/www.europesays.com\/de\/wp-content\/uploads\/2025\/07\/hannover18284.webp\" alt=\"Ron-Robert Zieler von Hannover 96 zeigt den Daumen.\" title=\"Ron-Robert Zieler von Hannover 96 zeigt den Daumen. | picture alliance\/dpa\" class=\"responsive\"\/><\/p>\n<p>\n            Stand: 07.07.2025 21:47 Uhr<\/p>\n<p class=\"preface\">Das ist ein kleiner Torwart-Hammer in Hannover. 96-Kapit\u00e4n und Weltmeister Ron-Robert Zieler verl\u00e4sst \u00fcberraschend den Fu\u00dfball-Zweitligisten aus Niedersachsen und wechselt in die Bundesliga zum 1. FC K\u00f6ln.<\/p>\n<p class=\"\">\nMit Unterbrechungen h\u00fctete Zieler elf Jahre lang das Tor von Hannover 96 und hatte seinen Vertrag erst im vergangenen Januar bis 2026 verl\u00e4ngert. Jetzt zieht es den 36-J\u00e4hrigen zur\u00fcck in die K\u00f6lner Heimat. Beim FC will der Weltmeister von 2014 Stammkeeper Marvin Schw\u00e4be herausfordern.<\/p>\n<p class=\"\">\n96 verliert mit dem Abgang seines Kapit\u00e4ns eine Identifikationsfigur, <a href=\"https:\/\/www.ndr.de\/sport\/fussball\/Zweite-Bundesliga-Hannover-96-Trainer-Titz-Analyse,hannover-260.html\" title=\"Datenanalyse: So kann Titz Hannover 96 in die Bundesliga f\u00fchren\" target=\"_blank\" rel=\"noopener\">die es unter dem neuen Coach Christian Titz wom\u00f6glich schwer gehabt h\u00e4tte<\/a>. Das Titz-System verlangt einen mitspielenden Keeper, der fast wie ein Libero agiert. Nicht gerade Zielers St\u00e4rken.<\/p>\n<p class=\"\">\nSo kommt die K\u00f6lner M\u00f6glichkeit f\u00fcr den Routinier wohl gerade recht. Zudem hatte Zieler ohnehin betont, dass er gerne noch einmal in der Bundesliga spielen w\u00fcrde. Die Gelegenheit dazu bietet sich f\u00fcr ihn nun, und das in seiner Heimatstadt.<\/p>\n<blockquote><p>\n        <strong>&#8222;Nun hat der Club die M\u00f6glichkeit, einen wirklich klaren und konsequenten Schnitt zu machen \u2013 auch mit Blick auf die Hierarchie in der Mannschaft.&#8220;<\/strong><\/p>\n<p>                Ron-Robert Zieler<\/p>\n<\/blockquote>\n<p class=\"\">\n&#8222;Ich glaube, jeder wei\u00df, was mir Hannover und ganz besonders Hannover 96 bedeuten. Hier bin ich heimisch geworden, habe Freunde gefunden, und ich verbinde viele entscheidende Momente meiner Karriere mit diesem Club&#8220;, wird Zieler auf der Homepage zitiert.<\/p>\n<p class=\"\">\n&#8222;In diesem Sommer gibt es einen gro\u00dfen Umbruch. Ich habe mir in dem Zuge viele Gedanken gemacht und viele Gespr\u00e4che mit den Verantwortlichen gef\u00fchrt. Nun hat der Club die M\u00f6glichkeit, einen wirklich klaren und konsequenten Schnitt zu machen \u2013 auch mit Blick auf die Hierarchie in der Mannschaft. Dass sich dann ausgerechnet der 1. FC K\u00f6ln, mein Jugendverein, vor einigen Tagen bei mir gemeldet und mir ein Angebot mit einer Perspektive \u00fcber die aktive Karriere hinaus unterbreitet hat, war dann der letzte Baustein, um zu dieser wohl\u00fcberlegten Entscheidung zu gelangen.&#8220;<\/p>\n<p class=\"\">\n96-Gesch\u00e4ftsf\u00fchrer <a href=\"https:\/\/www.ndr.de\/sport\/fussball\/Zweite-Bundesliga-Hannover-96-Interview-Mann-Aufstieg,hannover-278.html\" title=\"Interview mit Marcus Mann: Wie wird Hannover 96 bundesligareif?\" target=\"_blank\" rel=\"noopener\">Marcus Mann<\/a> erkl\u00e4rte, dass Zieler Anfang der vergangenen Woche auf ihn zugekommen sei. &#8222;Rons Gedanken sind sehr klar und gereift. Unsere Planung war urspr\u00fcnglich eine andere, aber wenn ein Spieler wie er mit diesen Gedanken auf uns zukommt, dann setzen wir uns nat\u00fcrlich damit ernsthaft auseinander. Wir hatten seither in den letzten Tagen mehrere gute Gespr\u00e4che, die aber letztlich nicht dazu gef\u00fchrt haben, dass er seine Meinung ge\u00e4ndert hat&#8220;, erl\u00e4uterte Mann.<\/p>\n<p class=\"\">\nK\u00f6lns Sportdirektor Thomas Kessler sagte: &#8222;Ron war ein absoluter Wunschspieler in unserer Kaderplanung und wird als wichtiges Puzzlest\u00fcck einen wertvollen Beitrag f\u00fcr eine erfolgreiche Saison leisten.&#8220;<\/p>\n<p>    Fast 400 Spiele f\u00fcr Hannover 96<\/p>\n<p class=\"\">\nMit 382 Pflichtspieleins\u00e4tzen f\u00fcr 96 z\u00e4hlt Zieler ohne Zweifel zu den Club-Ikonen. Der Torwart war mit Beginn der Saison 2010\/11 aus dem Nachwuchs von Manchester United nach Hannover gekommen und deb\u00fctierte 2011 f\u00fcr die deutsche Nationalmannschaft. 2014 war er Teil des deutschen Weltmeister-Kaders in Brasilien. Im Sommer 2016 folgte der Wechsel zu Leicester City, nur drei Jahre darauf kehrte der Familienvater nach Hannover zur\u00fcck.<\/p>\n<p class=\"\"><strong>&#8222;<\/strong>Ron ist ein Gesicht dieses Clubs. Er hat Hannover 96 in den zur\u00fcckliegenden Jahren mitgepr\u00e4gt&#8220;, hatte Mann gesagt, als Zieler seinen Vertrag bei 96 j\u00fcngst verl\u00e4ngerte.<\/p>\n<p>    Holt Mann Nahuel Noll aus Hoffenheim?<\/p>\n<p class=\"\">\nNun muss sich Mann nach einem neuen Keeper umsehen. Der deutsche U21-Nationaltorh\u00fcter Nahuel Noll von der TSG Hoffenheim soll ein Thema bei den Hannoveranern sein. Nach der Verl\u00e4ngerung seines Vertrages bei den Sinsheimern, wo an Oliver Baumann zurzeit kein Vorbeikommen ist, soll der 22-J\u00e4hrige erneut verliehen werden.<\/p>\n<p>        <img decoding=\"async\" src=\"https:\/\/www.europesays.com\/de\/wp-content\/uploads\/2025\/07\/hannover19128.webp\" alt=\"Marcus Mann\" title=\"Marcus Mann | picture alliance\/dpa | Swen Pf\u00f6rtner\" class=\"responsive\" loading=\"lazy\"\/><\/p>\n<p>Marcus Mann will Hannover 96 bundesligareif machen. Im NDR Interview erkl\u00e4rt er, wie der Aufstieg gelingen soll.<\/p>\n<p>        <img decoding=\"async\" src=\"https:\/\/www.europesays.com\/de\/wp-content\/uploads\/2025\/07\/niedersachsenderby432.webp\" alt=\"Kevin Ehlers (r.) von Eintracht Braunschweig im Zweikampf mit Hannovers Jessic Ngankam\" title=\"Kevin Ehlers (r.) von Eintracht Braunschweig im Zweikampf mit Hannovers Jessic Ngankam | IMAGO\/Susanne H\u00fcbner, Susanne H\u00fcbner\" class=\"responsive\" loading=\"lazy\"\/><\/p>\n<p>Am Freitag hat die DFL die Spielpl\u00e4ne f\u00fcr die Zweitliga-Saison 2025\/2026 ver\u00f6ffentlicht, die am ersten August-Wochenende startet.<\/p>\n<p>        <img decoding=\"async\" src=\"https:\/\/www.europesays.com\/de\/wp-content\/uploads\/2025\/07\/hannover18848.webp\" alt=\"Hannover-Keeper Ron-Robert Zieler\" title=\"Hannover-Keeper Ron-Robert Zieler | IMAGO \/ Zink\" class=\"responsive\" loading=\"lazy\"\/><\/p>\n<p>Der Torh\u00fcter, der mit Unterbrechungen bereits seit 2010 beim nieders\u00e4chsischen Fu\u00dfball-Zweitligisten spielt, geh\u00f6rt zu den Club-Ikonen.<\/p>\n","protected":false},"excerpt":{"rendered":"Stand: 07.07.2025 21:47 Uhr Das ist ein kleiner Torwart-Hammer in Hannover. 96-Kapit\u00e4n und Weltmeister Ron-Robert Zieler verl\u00e4sst \u00fcberraschend&hellip;\n","protected":false},"author":2,"featured_media":250087,"comment_status":"","ping_status":"","sticky":false,"template":"","format":"standard","meta":{"footnotes":""},"categories":[1828],"tags":[621,29,347,30,46,2366,1420,1552,1209],"class_list":{"0":"post-250529","1":"post","2":"type-post","3":"status-publish","4":"format-standard","5":"has-post-thumbnail","7":"category-koeln","8":"tag-2-bundesliga","9":"tag-deutschland","10":"tag-fussball","11":"tag-germany","12":"tag-hannover","13":"tag-hannover-96","14":"tag-koeln","15":"tag-newsticker","16":"tag-nordrhein-westfalen"},"share_on_mastodon":{"url":"https:\/\/pubeurope.com\/@de\/114814534710873561","error":""},"_links":{"self":[{"href":"https:\/\/www.europesays.com\/de\/wp-json\/wp\/v2\/posts\/250529","targetHints":{"allow":["GET"]}}],"collection":[{"href":"https:\/\/www.europesays.com\/de\/wp-json\/wp\/v2\/posts"}],"about":[{"href":"https:\/\/www.europesays.com\/de\/wp-json\/wp\/v2\/types\/post"}],"author":[{"embeddable":true,"href":"https:\/\/www.europesays.com\/de\/wp-json\/wp\/v2\/users\/2"}],"replies":[{"embeddable":true,"href":"https:\/\/www.europesays.com\/de\/wp-json\/wp\/v2\/comments?post=250529"}],"version-history":[{"count":0,"href":"https:\/\/www.europesays.com\/de\/wp-json\/wp\/v2\/posts\/250529\/revisions"}],"wp:featuredmedia":[{"embeddable":true,"href":"https:\/\/www.europesays.com\/de\/wp-json\/wp\/v2\/media\/250087"}],"wp:attachment":[{"href":"https:\/\/www.europesays.com\/de\/wp-json\/wp\/v2\/media?parent=250529"}],"wp:term":[{"taxonomy":"category","embeddable":true,"href":"https:\/\/www.europesays.com\/de\/wp-json\/wp\/v2\/categories?post=250529"},{"taxonomy":"post_tag","embeddable":true,"href":"https:\/\/www.europesays.com\/de\/wp-json\/wp\/v2\/tags?post=250529"}],"curies":[{"name":"wp","href":"https:\/\/api.w.org\/{rel}","templated":true}]}}