{"id":250530,"date":"2025-07-07T23:25:13","date_gmt":"2025-07-07T23:25:13","guid":{"rendered":"https:\/\/www.europesays.com\/de\/250530\/"},"modified":"2025-07-07T23:25:13","modified_gmt":"2025-07-07T23:25:13","slug":"unfall-beim-abbiegen-wochenanzeiger","status":"publish","type":"post","link":"https:\/\/www.europesays.com\/de\/250530\/","title":{"rendered":"Unfall beim Abbiegen | Wochenanzeiger"},"content":{"rendered":"<p class=\"article-text\">Am Sonntag, 6. Juli, fuhr gegen 11.20 Uhr, ein 64-J\u00e4hriger mit Wohnsitz in M\u00fcnchen mit einem VW auf der Cosimastra\u00dfe stadtausw\u00e4rts. An der Kreuzung zum FritzMayer-Weg bog er in diesen ab. Zur selben Zeit fuhr ein 61-J\u00e4hriger mit franz\u00f6sischer Staatsangeh\u00f6rigkeit mit einem Mercedes-Kleintransporter auf der Cosimastra\u00dfe dem VW entgegen. Beim Abbiegen kam es zu einem Zusammensto\u00df der beiden Fahrzeuge. Dabei kippte der Kleintransporter auf die Seite. Zudem wurde ein am Stra\u00dfenrand geparkter Pkw besch\u00e4digt.<\/p>\n","protected":false},"excerpt":{"rendered":"Am Sonntag, 6. Juli, fuhr gegen 11.20 Uhr, ein 64-J\u00e4hriger mit Wohnsitz in M\u00fcnchen mit einem VW auf&hellip;\n","protected":false},"author":2,"featured_media":36025,"comment_status":"","ping_status":"","sticky":false,"template":"","format":"standard","meta":{"footnotes":""},"categories":[1827],"tags":[772,16675,29,30,1268,121,18990],"class_list":{"0":"post-250530","1":"post","2":"type-post","3":"status-publish","4":"format-standard","5":"has-post-thumbnail","7":"category-muenchen","8":"tag-bayern","9":"tag-bogenhausen","10":"tag-deutschland","11":"tag-germany","12":"tag-muenchen","13":"tag-polizei","14":"tag-polizeiberichte"},"share_on_mastodon":{"url":"https:\/\/pubeurope.com\/@de\/114814538561852617","error":""},"_links":{"self":[{"href":"https:\/\/www.europesays.com\/de\/wp-json\/wp\/v2\/posts\/250530","targetHints":{"allow":["GET"]}}],"collection":[{"href":"https:\/\/www.europesays.com\/de\/wp-json\/wp\/v2\/posts"}],"about":[{"href":"https:\/\/www.europesays.com\/de\/wp-json\/wp\/v2\/types\/post"}],"author":[{"embeddable":true,"href":"https:\/\/www.europesays.com\/de\/wp-json\/wp\/v2\/users\/2"}],"replies":[{"embeddable":true,"href":"https:\/\/www.europesays.com\/de\/wp-json\/wp\/v2\/comments?post=250530"}],"version-history":[{"count":0,"href":"https:\/\/www.europesays.com\/de\/wp-json\/wp\/v2\/posts\/250530\/revisions"}],"wp:featuredmedia":[{"embeddable":true,"href":"https:\/\/www.europesays.com\/de\/wp-json\/wp\/v2\/media\/36025"}],"wp:attachment":[{"href":"https:\/\/www.europesays.com\/de\/wp-json\/wp\/v2\/media?parent=250530"}],"wp:term":[{"taxonomy":"category","embeddable":true,"href":"https:\/\/www.europesays.com\/de\/wp-json\/wp\/v2\/categories?post=250530"},{"taxonomy":"post_tag","embeddable":true,"href":"https:\/\/www.europesays.com\/de\/wp-json\/wp\/v2\/tags?post=250530"}],"curies":[{"name":"wp","href":"https:\/\/api.w.org\/{rel}","templated":true}]}}