{"id":250542,"date":"2025-07-07T23:32:07","date_gmt":"2025-07-07T23:32:07","guid":{"rendered":"https:\/\/www.europesays.com\/de\/250542\/"},"modified":"2025-07-07T23:32:07","modified_gmt":"2025-07-07T23:32:07","slug":"umgestaltung-der-elbestrasse-vorstellung-und-diskussion-der-entwurfsplanung","status":"publish","type":"post","link":"https:\/\/www.europesays.com\/de\/250542\/","title":{"rendered":"Umgestaltung der Elbestra\u00dfe \u2013 Vorstellung und Diskussion der Entwurfsplanung"},"content":{"rendered":"<p>\n    Die Planungen zur Umgestaltung der Elbestra\u00dfe als eines der Berliner Modellprojekte f\u00fcr den Fu\u00dfverkehr schreiten voran. Aufbauend auf der Machbarkeitsstudie von 2024 hat das Bezirksamt Neuk\u00f6lln die Erstellung der Entwurfsplanung in Auftrag gegeben. Diese soll nun vorgestellt und zusammen mit der Anwohnerschaft weiter konkretisiert werden. Geplant ist der Umbau der Elbestra\u00dfe ab 2026.\n  <\/p>\n<p>\n    Alle Interessierten sind herzlich eingeladen, sich \u00fcber die Vorschl\u00e4ge zu informieren, mit den Planenden in den Austausch zu treten und eigene Hinweise sowie Anregungen einzubringen<br \/><strong>am Freitag, den 11. Juli 2025 um 18 Uhr (Einlass ab 17:30 Uhr)<\/strong><br \/><strong>im Mehrzweckgeb\u00e4ude der Elbe-Schule<\/strong>, Elbestra\u00dfe 11, 12045 Berlin (Eingang \u00fcber den Schulhof, Schandauer Stra\u00dfe 5).\n  <\/p>\n<p>\n    Die Entw\u00fcrfe k\u00f6nnen vom 16. Juli bis zum 3. August 2025 auch online auf dem Berliner Beteiligungsportal mein.berlin.de <a href=\"https:\/\/mein.berlin.de\/projekte\/elbestrasse\" target=\"_blank\" rel=\"noopener\">hier<\/a> eingesehen und kommentiert werden.\n  <\/p>\n<p>\n    Als eines der Berliner Modellprojekte f\u00fcr den Fu\u00dfverkehr kommt der Elbestra\u00dfe eine besondere Rolle zu. Im Rahmen des Projekts sollen beispielhaft L\u00f6sungsans\u00e4tze f\u00fcr die Mobilit\u00e4tswende im Fu\u00dfverkehr aufgezeigt werden. Zu den Schwerpunkten z\u00e4hlen die Erh\u00f6hung der Aufenthaltsqualit\u00e4t, die Steigerung der Verkehrssicherheit und die Verbesserung der Barrierefreiheit. Dar\u00fcber hinaus soll der Stra\u00dfenraum f\u00fcr den Radverkehr qualifiziert und an die klimatischen Anforderungen angepasst werden.\n  <\/p>\n<p>\n    Das Vorhaben \u201eUmgestaltung der Elbestra\u00dfe\u201c (Projektlaufzeit: 12\/2024 bis 12\/2029) wird im Berliner Programm f\u00fcr Nachhaltige Entwicklung 2 (BENE 2) gef\u00f6rdert aus Mitteln des Europ\u00e4ischen Fonds f\u00fcr Regionale Entwicklung und des Landes Berlin.\n  <\/p>\n<p>\n    Weitere Informationen zum Projekt finden Sie <a href=\"https:\/\/www.kms-sonne.de\/projekte\/elbestrasse\" class=\"extern\" target=\"_blank\" title=\" (\u00d6ffnet in neuem Fenster)\" rel=\"noreferrer noopener\">hier<\/a>.\n  <\/p>\n","protected":false},"excerpt":{"rendered":"Die Planungen zur Umgestaltung der Elbestra\u00dfe als eines der Berliner Modellprojekte f\u00fcr den Fu\u00dfverkehr schreiten voran. Aufbauend auf&hellip;\n","protected":false},"author":2,"featured_media":2288,"comment_status":"","ping_status":"","sticky":false,"template":"","format":"standard","meta":{"footnotes":""},"categories":[1825],"tags":[296,5006,29,30,76998,8926],"class_list":{"0":"post-250542","1":"post","2":"type-post","3":"status-publish","4":"format-standard","5":"has-post-thumbnail","7":"category-berlin","8":"tag-berlin","9":"tag-bezirke","10":"tag-deutschland","11":"tag-germany","12":"tag-ii1577828","13":"tag-stadtentwicklung"},"share_on_mastodon":{"url":"https:\/\/pubeurope.com\/@de\/114814566071401055","error":""},"_links":{"self":[{"href":"https:\/\/www.europesays.com\/de\/wp-json\/wp\/v2\/posts\/250542","targetHints":{"allow":["GET"]}}],"collection":[{"href":"https:\/\/www.europesays.com\/de\/wp-json\/wp\/v2\/posts"}],"about":[{"href":"https:\/\/www.europesays.com\/de\/wp-json\/wp\/v2\/types\/post"}],"author":[{"embeddable":true,"href":"https:\/\/www.europesays.com\/de\/wp-json\/wp\/v2\/users\/2"}],"replies":[{"embeddable":true,"href":"https:\/\/www.europesays.com\/de\/wp-json\/wp\/v2\/comments?post=250542"}],"version-history":[{"count":0,"href":"https:\/\/www.europesays.com\/de\/wp-json\/wp\/v2\/posts\/250542\/revisions"}],"wp:featuredmedia":[{"embeddable":true,"href":"https:\/\/www.europesays.com\/de\/wp-json\/wp\/v2\/media\/2288"}],"wp:attachment":[{"href":"https:\/\/www.europesays.com\/de\/wp-json\/wp\/v2\/media?parent=250542"}],"wp:term":[{"taxonomy":"category","embeddable":true,"href":"https:\/\/www.europesays.com\/de\/wp-json\/wp\/v2\/categories?post=250542"},{"taxonomy":"post_tag","embeddable":true,"href":"https:\/\/www.europesays.com\/de\/wp-json\/wp\/v2\/tags?post=250542"}],"curies":[{"name":"wp","href":"https:\/\/api.w.org\/{rel}","templated":true}]}}