{"id":250559,"date":"2025-07-07T23:43:09","date_gmt":"2025-07-07T23:43:09","guid":{"rendered":"https:\/\/www.europesays.com\/de\/250559\/"},"modified":"2025-07-07T23:43:09","modified_gmt":"2025-07-07T23:43:09","slug":"jamal-musiala-erfolgreiche-operation-in-murnau","status":"publish","type":"post","link":"https:\/\/www.europesays.com\/de\/250559\/","title":{"rendered":"Jamal Musiala: Erfolgreiche Operation in Murnau"},"content":{"rendered":"<p>Zur\u00fcck in M\u00fcnchen ging es f\u00fcr den verletzten Jamal Musiala ins 70 Kilometer entfernte Murnau. In der dortigen Unfallklinik wurde der 22-J\u00e4hrige &#8222;erfolgreich operiert&#8220;, teilte der FC Bayern am Montagabend mit. Nach BR-Informationen sind dieselben Spezialisten zust\u00e4ndig, die bereits Manuel Neuer nach seinem schweren Unterschenkelbruch Ende 2022 behandelt hatten. <\/p>\n<p>Bayern-Mannschaftsarzt Jochen Hahne ist ebenfalls zur Koordination vor Ort. Schon im Dezember vor zweieinhalb Jahren gelang es diesen Experten bei Neuer, den Grundstein f\u00fcr eine erfolgreiche Rehabilitation nach einer komplexen Verletzung zu legen. F\u00fcr Musiala soll am Dienstag &#8222;mit den ersten Reha-Einheiten beginnen.&#8220; Trotzdem wird der Ausnahmespieler &#8222;die n\u00e4chsten Monate nicht zur Verf\u00fcgung stehen&#8220;, hie\u00df es.&#13;<\/p>\n<p>Wadenbeinbruch bei Klub-WM<\/p>\n<p>Nationalspieler Musiala wird dem FC Bayern f\u00fcr lange Zeit fehlen. Wie der Verein bereits am Sonntag mitteilte, zog sich der 22-J\u00e4hrige im Viertelfinale der Klub-WM gegen Paris Saint-Germain (0:2) bei der Ausrenkung seines Sprunggelenks einen Bruch des linken Wadenbeins zu.<\/p>\n<p>&#8222;Diese schwere Verletzung und der lange Ausfall sind ein echter Schock f\u00fcr Jamal und uns alle. Das trifft den FC Bayern&#8220;, wurde Sportvorstand Max Eberl in der Klub-Mitteilung zitiert: &#8222;Jeder wei\u00df, wie immens wichtig Jamal f\u00fcr unser Spiel ist und was f\u00fcr eine zentrale Rolle er f\u00fcr unser Team hat. Zudem ist die menschliche Tragweite enorm bitter, wir f\u00fchlen alle mit ihm: Jamal kam gerade aus einer Verletzung und wird nun erneut eine lange Zeit fehlen. Er bekommt von uns alles, was er braucht.&#8220;<\/p>\n<p>Musiala war gerade erst genesen<\/p>\n<p>Musiala war gegen PSG nach \u00fcber drei Monaten in die Startelf der Bayern zur\u00fcckgekehrt. Wegen eines Muskelb\u00fcndelrisses aus dem Bundesliga-Spiel beim FC Augsburg Anfang April hatte er bereits die komplette Endphase der abgelaufenen Saison verpasst und war auch bei der Klub-WM vorerst nur als Joker zum Einsatz gekommen.<\/p>\n<p>Bei einem Zusammenprall mit PSG-Torwart Gianluigi Donnarumma hatte sich Musiala in der Nachspielzeit der ersten H\u00e4lfte den Fu\u00df verdreht und musste vom Platz getragen werden. Auch die PSG-Spieler reagierten aufgrund der offensichtlich schlimmen Verletzung sichtlich betroffen.<\/p>\n","protected":false},"excerpt":{"rendered":"Zur\u00fcck in M\u00fcnchen ging es f\u00fcr den verletzten Jamal Musiala ins 70 Kilometer entfernte Murnau. In der dortigen&hellip;\n","protected":false},"author":2,"featured_media":250560,"comment_status":"","ping_status":"","sticky":false,"template":"","format":"standard","meta":{"footnotes":""},"categories":[136],"tags":[29,458,347,30,35856,11200,2339,265],"class_list":{"0":"post-250559","1":"post","2":"type-post","3":"status-publish","4":"format-standard","5":"has-post-thumbnail","7":"category-sport","8":"tag-deutschland","9":"tag-fc-bayern-muenchen","10":"tag-fussball","11":"tag-germany","12":"tag-jamal-musiala","13":"tag-manuel-neuer","14":"tag-oberbayern","15":"tag-sport"},"share_on_mastodon":{"url":"https:\/\/pubeurope.com\/@de\/114814609400077363","error":""},"_links":{"self":[{"href":"https:\/\/www.europesays.com\/de\/wp-json\/wp\/v2\/posts\/250559","targetHints":{"allow":["GET"]}}],"collection":[{"href":"https:\/\/www.europesays.com\/de\/wp-json\/wp\/v2\/posts"}],"about":[{"href":"https:\/\/www.europesays.com\/de\/wp-json\/wp\/v2\/types\/post"}],"author":[{"embeddable":true,"href":"https:\/\/www.europesays.com\/de\/wp-json\/wp\/v2\/users\/2"}],"replies":[{"embeddable":true,"href":"https:\/\/www.europesays.com\/de\/wp-json\/wp\/v2\/comments?post=250559"}],"version-history":[{"count":0,"href":"https:\/\/www.europesays.com\/de\/wp-json\/wp\/v2\/posts\/250559\/revisions"}],"wp:featuredmedia":[{"embeddable":true,"href":"https:\/\/www.europesays.com\/de\/wp-json\/wp\/v2\/media\/250560"}],"wp:attachment":[{"href":"https:\/\/www.europesays.com\/de\/wp-json\/wp\/v2\/media?parent=250559"}],"wp:term":[{"taxonomy":"category","embeddable":true,"href":"https:\/\/www.europesays.com\/de\/wp-json\/wp\/v2\/categories?post=250559"},{"taxonomy":"post_tag","embeddable":true,"href":"https:\/\/www.europesays.com\/de\/wp-json\/wp\/v2\/tags?post=250559"}],"curies":[{"name":"wp","href":"https:\/\/api.w.org\/{rel}","templated":true}]}}