{"id":250589,"date":"2025-07-07T23:59:10","date_gmt":"2025-07-07T23:59:10","guid":{"rendered":"https:\/\/www.europesays.com\/de\/250589\/"},"modified":"2025-07-07T23:59:10","modified_gmt":"2025-07-07T23:59:10","slug":"mannheim-mann-in-mannheim-ausgeraubt-polizei-sucht-zwei-taeter-polizeiberichte-aus-rhein-neckar-odenwald","status":"publish","type":"post","link":"https:\/\/www.europesays.com\/de\/250589\/","title":{"rendered":"Mannheim: Mann in Mannheim ausgeraubt \u2013 Polizei sucht zwei T\u00e4ter &#8211; Polizeiberichte aus Rhein-Neckar-Odenwald"},"content":{"rendered":"<p>Mannheim. (pol\/mare) Ein 63-j\u00e4hriger Mann ist am Sonntagmorgen in Mannheim Opfer eines Raub\u00fcberfalls geworden. Das teilte die Polizei mit.<\/p>\n<p>Der Mann war gegen 8.30 Uhr zu Fu\u00df in der Lupinenstra\u00dfe in Richtung Mittelstra\u00dfe unterwegs, als ihn zwei Unbekannte ansprachen und um Geld baten. Nachdem er dies ablehnte, setzte er seinen Weg \u00fcber die Mittelstra\u00dfe und die Itzsteinstra\u00dfe bis zu einer nahegelegenen Gr\u00fcnfl\u00e4che fort.<\/p>\n<p>Dort bemerkte er pl\u00f6tzlich, dass ihm die beiden M\u00e4nner gefolgt waren und nun hinter ihm standen. Als er sich umdrehte, stie\u00df ihn einer der M\u00e4nner zu Boden und durchw\u00fchlte seine Hosentaschen nach Wertgegenst\u00e4nden. Dabei entwendete er den Geldbeutel sowie das Mobiltelefon des 63-J\u00e4hrigen.<\/p>\n<p>Der Mann rief um Hilfe und leistete k\u00f6rperlich Widerstand. Dadurch lie\u00df der T\u00e4ter von ihm ab und fl\u00fcchtete gemeinsam mit seinem Begleiter in Richtung Alter Me\u00dfplatz. Der 63-J\u00e4hrige blieb unverletzt.<\/p>\n<p>Das Kriminalkommissariat Mannheim der Kriminalpolizeidirektion Heidelberg hat die Ermittlungen wegen Raub aufgenommen.<\/p>\n<p>Der Hauptt\u00e4ter soll zwischen 20 und 30 Jahre alt und etwa 1,85 Meter gro\u00df gewesen sein. Er war schlank, trug Rasta-Locken, ein wei\u00dfes T-Shirt und eine lange Jeanshose. Sein Begleiter war etwa gleichaltrig, mit circa 1,80 Metern etwas kleiner, und trug ein braunes T-Shirt. Beide M\u00e4nner sollen eine dunkle Hautfarbe gehabt haben.<\/p>\n<p>Zeugen, die Hinweise zum Tatgeschehen oder zu den T\u00e4tern geben k\u00f6nnen, werden gebeten, sich unter der Telefonnummer 0621\/174-4444 beim kriminalpolizeilichen Hinweistelefon zu melden.<\/p>\n","protected":false},"excerpt":{"rendered":"Mannheim. (pol\/mare) Ein 63-j\u00e4hriger Mann ist am Sonntagmorgen in Mannheim Opfer eines Raub\u00fcberfalls geworden. Das teilte die Polizei&hellip;\n","protected":false},"author":2,"featured_media":249699,"comment_status":"","ping_status":"","sticky":false,"template":"","format":"standard","meta":{"footnotes":""},"categories":[1845],"tags":[1634,3364,29,548,663,3934,30,13,2096,14,15,17343,12],"class_list":{"0":"post-250589","1":"post","2":"type-post","3":"status-publish","4":"format-standard","5":"has-post-thumbnail","7":"category-mannheim","8":"tag-baden-wuerttemberg","9":"tag-de","10":"tag-deutschland","11":"tag-eu","12":"tag-europa","13":"tag-europe","14":"tag-germany","15":"tag-headlines","16":"tag-mannheim","17":"tag-nachrichten","18":"tag-news","19":"tag-polizei-blaulicht-heidelberg-mannheim-rhein-neckar-metropolregion-sinsheim-kraichgau-neckarodenwald-odenwald-bauland-heilbronn","20":"tag-schlagzeilen"},"share_on_mastodon":{"url":"https:\/\/pubeurope.com\/@de\/114814672185029407","error":""},"_links":{"self":[{"href":"https:\/\/www.europesays.com\/de\/wp-json\/wp\/v2\/posts\/250589","targetHints":{"allow":["GET"]}}],"collection":[{"href":"https:\/\/www.europesays.com\/de\/wp-json\/wp\/v2\/posts"}],"about":[{"href":"https:\/\/www.europesays.com\/de\/wp-json\/wp\/v2\/types\/post"}],"author":[{"embeddable":true,"href":"https:\/\/www.europesays.com\/de\/wp-json\/wp\/v2\/users\/2"}],"replies":[{"embeddable":true,"href":"https:\/\/www.europesays.com\/de\/wp-json\/wp\/v2\/comments?post=250589"}],"version-history":[{"count":0,"href":"https:\/\/www.europesays.com\/de\/wp-json\/wp\/v2\/posts\/250589\/revisions"}],"wp:featuredmedia":[{"embeddable":true,"href":"https:\/\/www.europesays.com\/de\/wp-json\/wp\/v2\/media\/249699"}],"wp:attachment":[{"href":"https:\/\/www.europesays.com\/de\/wp-json\/wp\/v2\/media?parent=250589"}],"wp:term":[{"taxonomy":"category","embeddable":true,"href":"https:\/\/www.europesays.com\/de\/wp-json\/wp\/v2\/categories?post=250589"},{"taxonomy":"post_tag","embeddable":true,"href":"https:\/\/www.europesays.com\/de\/wp-json\/wp\/v2\/tags?post=250589"}],"curies":[{"name":"wp","href":"https:\/\/api.w.org\/{rel}","templated":true}]}}