{"id":250590,"date":"2025-07-08T00:00:11","date_gmt":"2025-07-08T00:00:11","guid":{"rendered":"https:\/\/www.europesays.com\/de\/250590\/"},"modified":"2025-07-08T00:00:11","modified_gmt":"2025-07-08T00:00:11","slug":"pol-ka-ka-ettlingen-bombenfund-in-ettlingen-abschlussmeldung","status":"publish","type":"post","link":"https:\/\/www.europesays.com\/de\/250590\/","title":{"rendered":"POL-KA: (KA) Ettlingen &#8211; Bombenfund in Ettlingen &#8211; Abschlussmeldung"},"content":{"rendered":"<p class=\"date\">08.07.2025 \u2013 01:09<\/p>\n<p class=\"customer\">\n                        <a class=\"story-customer\" title=\"weiter zum newsroom von Polizeipr\u00e4sidium Karlsruhe\" href=\"https:\/\/www.presseportal.de\/blaulicht\/nr\/110972\" rel=\"nofollow noopener\" target=\"_blank\">Polizeipr\u00e4sidium Karlsruhe<\/a>\n                    <\/p>\n<p><a data-category=\"citylink-story-view\" data-action=\"click\" data-label=\"Citylink in Meldungsansicht\" class=\"story-city event-trigger\" href=\"https:\/\/www.presseportal.de\/regional\/Karlsruhe\" title=\"News aus Karlsruhe \" rel=\"nofollow noopener\" target=\"_blank\">Karlsruhe<\/a> (ots)<\/p>\n<p>Gemeinsame Pressemeldung der Stadt Ettlingen und des<br \/>\nPolizeipr\u00e4sidiums Karlsruhe:<\/p>\n<p>Die am Montagmittag in Ettlingen aufgefundene 1.000 Kilogramm schwere Weltkriegsbombe wurde noch in der Nacht auf Dienstag gegen 01:00 Uhr erfolgreich vom Kampfmittelbeseitigungsdienst Baden-W\u00fcrttemberg entsch\u00e4rft.<\/p>\n<p>Anwohner und Passanten wurden zuvor in einem festgelegten Radius von 400 Metern um den Sprengk\u00f6rper ab etwa 20 Uhr evakuiert. Die Polizei \u00fcberpr\u00fcfte die Ma\u00dfnahme auf Einhaltung.<br \/>\nGegen 22:30 Uhr begann die Entsch\u00e4rfung, nachdem die Bombe unter Hinzuziehung des Technischen Hilfswerks (THW), zu einer vom Stadtgebiet weiter entfernten Freifl\u00e4che n\u00f6rdlich des Fundorts transportiert worden war.<\/p>\n<p>Nach derzeitigem Kenntnisstand wurden ungef\u00e4hr 1.500 Personen aus den betroffenen Geb\u00e4uden evakuiert. 300 Frauen und M\u00e4nner der Polizei, der Feuerwehr, des THW, des DRK, der Stadt waren im Einsatz.<\/p>\n<p>Gr\u00f6\u00dfere Beeintr\u00e4chtigungen aufgrund der Evakuierungs- sowie der Verkehrsma\u00dfnahmen blieben aus.<\/p>\n<p>Eveline Walter, Stadt Ettlingen, Pressestelle<\/p>\n<p>Julian Scharer, Polizeipr\u00e4sidium Karlsruhe, Pressestelle<\/p>\n<p class=\"contact-headline\">R\u00fcckfragen bitte an:<\/p>\n<p class=\"contact-text\">Polizeipr\u00e4sidium Karlsruhe<br \/>Telefon: 0721 666-1111<br \/>E-Mail: <a href=\"https:\/\/www.presseportal.de\/blaulicht\/pm\/110972\/mailto: pressestelle.ka@polizei.bwl.de\" class=\"uri-mailto\" rel=\"nofollow noopener\" target=\"_blank\"> pressestelle.ka@polizei.bwl.de<\/a><br \/><a target=\"_blank\" class=\"uri-ext outbound\" rel=\"noopener nofollow\" href=\"http:\/\/www.polizei-bw.de\/\">http:\/\/www.polizei-bw.de\/<\/a><\/p>\n<p class=\"originator\">Original-Content von: Polizeipr\u00e4sidium Karlsruhe, \u00fcbermittelt durch news aktuell<\/p>\n","protected":false},"excerpt":{"rendered":"08.07.2025 \u2013 01:09 Polizeipr\u00e4sidium Karlsruhe Karlsruhe (ots) Gemeinsame Pressemeldung der Stadt Ettlingen und des Polizeipr\u00e4sidiums Karlsruhe: Die am&hellip;\n","protected":false},"author":2,"featured_media":108,"comment_status":"","ping_status":"","sticky":false,"template":"","format":"standard","meta":{"footnotes":""},"categories":[1844],"tags":[1634,6187,3364,29,30,8903,177,121,178,180,179,181],"class_list":{"0":"post-250590","1":"post","2":"type-post","3":"status-publish","4":"format-standard","5":"has-post-thumbnail","7":"category-karlsruhe","8":"tag-baden-wuerttemberg","9":"tag-bw","10":"tag-de","11":"tag-deutschland","12":"tag-germany","13":"tag-karlsruhe","14":"tag-kriminalitt","15":"tag-polizei","16":"tag-presse","17":"tag-pressemeldung","18":"tag-pressemitteilung","19":"tag-pressemitteilungen"},"share_on_mastodon":{"url":"https:\/\/pubeurope.com\/@de\/114814676237471627","error":""},"_links":{"self":[{"href":"https:\/\/www.europesays.com\/de\/wp-json\/wp\/v2\/posts\/250590","targetHints":{"allow":["GET"]}}],"collection":[{"href":"https:\/\/www.europesays.com\/de\/wp-json\/wp\/v2\/posts"}],"about":[{"href":"https:\/\/www.europesays.com\/de\/wp-json\/wp\/v2\/types\/post"}],"author":[{"embeddable":true,"href":"https:\/\/www.europesays.com\/de\/wp-json\/wp\/v2\/users\/2"}],"replies":[{"embeddable":true,"href":"https:\/\/www.europesays.com\/de\/wp-json\/wp\/v2\/comments?post=250590"}],"version-history":[{"count":0,"href":"https:\/\/www.europesays.com\/de\/wp-json\/wp\/v2\/posts\/250590\/revisions"}],"wp:featuredmedia":[{"embeddable":true,"href":"https:\/\/www.europesays.com\/de\/wp-json\/wp\/v2\/media\/108"}],"wp:attachment":[{"href":"https:\/\/www.europesays.com\/de\/wp-json\/wp\/v2\/media?parent=250590"}],"wp:term":[{"taxonomy":"category","embeddable":true,"href":"https:\/\/www.europesays.com\/de\/wp-json\/wp\/v2\/categories?post=250590"},{"taxonomy":"post_tag","embeddable":true,"href":"https:\/\/www.europesays.com\/de\/wp-json\/wp\/v2\/tags?post=250590"}],"curies":[{"name":"wp","href":"https:\/\/api.w.org\/{rel}","templated":true}]}}