{"id":250597,"date":"2025-07-08T00:04:28","date_gmt":"2025-07-08T00:04:28","guid":{"rendered":"https:\/\/www.europesays.com\/de\/250597\/"},"modified":"2025-07-08T00:04:28","modified_gmt":"2025-07-08T00:04:28","slug":"einbruch-fenster-zum-lueften-geoeffnet","status":"publish","type":"post","link":"https:\/\/www.europesays.com\/de\/250597\/","title":{"rendered":"Einbruch: Fenster zum L\u00fcften ge\u00f6ffnet"},"content":{"rendered":"<p class=\"bodytext\">FR \/ Bielefeld \/ Mitte &#8211; Am Sonntag, 06.07.2025, nutzte ein unbekannter T\u00e4ter ein Bauger\u00fcst in der Siegfriedstra\u00dfe, um in ein Haus einzubrechen. Die Polizei sucht Zeugen.<\/p>\n<p>Zwischen 11:30 Uhr und 12:00 Uhr kletterte ein Einbrecher auf ein Bauger\u00fcst eines Mehrfamilienhauses. Von dort gelangte er dann zu einem ge\u00f6ffneten Fenster eines Nachbarhauses. Der T\u00e4ter stieg durch das Fenster in die Wohnung ein und entwendete eine Handtasche. Die Bewohnerin hatte sich in einem Nebenzimmer aufgehalten und die Tat erst sp\u00e4ter bemerkt. Der Unbekannte entkam mit seiner Beute.<\/p>\n<p>Zeugen melden sich bitte mit Hinweisen zur Tat oder zu tatverd\u00e4chtigen Personen beim Kriminalkommissariat 13 unter der 0521\/545-0.<\/p>\n<p>R\u00fcckfragen von Journalisten bitte an:<\/p>\n<p>Polizeipr\u00e4sidium Bielefeld Leitungsstab\/ Presse- und \u00d6ffentlichkeitsarbeit Kurt-Schumacher-Stra\u00dfe 46 33615 Bielefeld<\/p>\n<p>Sonja Rehmert (SR), Tel. 0521\/545-3020 Katja K\u00fcster (KK), Tel. 0521\/545-3195 Sarah Siedschlag (SI), Tel. 0521\/545-3021 Michael K\u00f6tter (MK), Tel. 0521\/545-3022 Hella Christoph (HC), Tel. 0521\/545-3023 Fabian Rickel (FR), Tel. 0521\/545-3024 Caroline Steffen (CS), Tel. 0521\/545-3026 Lukas Reker (LR), Tel. 0521\/545-3222 Jan Grote (JG), Tel. 0521\/545-3235<\/p>\n<p>E-Mail: pressestelle.bielefeld@polizei.nrw.de <a href=\"https:\/\/bielefeld.polizei.nrw\/\" target=\"_blank\" rel=\"nofollow noopener\">bielefeld.polizei.nrw<\/a><\/p>\n<p>Au\u00dferhalb der B\u00fcrodienstzeit: Leitstelle, Tel. 0521\/545-0<\/p>\n<p> Original-Content von: Polizei Bielefeld, \u00fcbermittelt durch news aktuell<\/p>\n","protected":false},"excerpt":{"rendered":"FR \/ Bielefeld \/ Mitte &#8211; Am Sonntag, 06.07.2025, nutzte ein unbekannter T\u00e4ter ein Bauger\u00fcst in der Siegfriedstra\u00dfe,&hellip;\n","protected":false},"author":2,"featured_media":29613,"comment_status":"","ping_status":"","sticky":false,"template":"","format":"standard","meta":{"footnotes":""},"categories":[1841],"tags":[1605,3364,29,30,1209,12925],"class_list":{"0":"post-250597","1":"post","2":"type-post","3":"status-publish","4":"format-standard","5":"has-post-thumbnail","7":"category-bielefeld","8":"tag-bielefeld","9":"tag-de","10":"tag-deutschland","11":"tag-germany","12":"tag-nordrhein-westfalen","13":"tag-polizeimeldungen"},"share_on_mastodon":{"url":"https:\/\/pubeurope.com\/@de\/114814691859102641","error":""},"_links":{"self":[{"href":"https:\/\/www.europesays.com\/de\/wp-json\/wp\/v2\/posts\/250597","targetHints":{"allow":["GET"]}}],"collection":[{"href":"https:\/\/www.europesays.com\/de\/wp-json\/wp\/v2\/posts"}],"about":[{"href":"https:\/\/www.europesays.com\/de\/wp-json\/wp\/v2\/types\/post"}],"author":[{"embeddable":true,"href":"https:\/\/www.europesays.com\/de\/wp-json\/wp\/v2\/users\/2"}],"replies":[{"embeddable":true,"href":"https:\/\/www.europesays.com\/de\/wp-json\/wp\/v2\/comments?post=250597"}],"version-history":[{"count":0,"href":"https:\/\/www.europesays.com\/de\/wp-json\/wp\/v2\/posts\/250597\/revisions"}],"wp:featuredmedia":[{"embeddable":true,"href":"https:\/\/www.europesays.com\/de\/wp-json\/wp\/v2\/media\/29613"}],"wp:attachment":[{"href":"https:\/\/www.europesays.com\/de\/wp-json\/wp\/v2\/media?parent=250597"}],"wp:term":[{"taxonomy":"category","embeddable":true,"href":"https:\/\/www.europesays.com\/de\/wp-json\/wp\/v2\/categories?post=250597"},{"taxonomy":"post_tag","embeddable":true,"href":"https:\/\/www.europesays.com\/de\/wp-json\/wp\/v2\/tags?post=250597"}],"curies":[{"name":"wp","href":"https:\/\/api.w.org\/{rel}","templated":true}]}}