{"id":250600,"date":"2025-07-08T00:06:14","date_gmt":"2025-07-08T00:06:14","guid":{"rendered":"https:\/\/www.europesays.com\/de\/250600\/"},"modified":"2025-07-08T00:06:14","modified_gmt":"2025-07-08T00:06:14","slug":"science-slam-nachhaltigkeit-vol-2","status":"publish","type":"post","link":"https:\/\/www.europesays.com\/de\/250600\/","title":{"rendered":"Science Slam NACHHALTIGKEIT Vol. 2"},"content":{"rendered":"<p>Nach einem erfolgreichen Auftakt in 2023 geht der Science Slam NACHHALTIGKEIT in die zweite Runde: Gemeinsam mit der Bergischen Universit\u00e4t Wuppertal und dem Pina Bausch Zentrum bringt das Wuppertal Institut Nachhaltigkeitforschung auf die B\u00fchne.<\/p>\n<p>Am 18. November 2025 ab 18 Uhr wird das zuk\u00fcnftige Pina Bausch Zentrum in Wuppertal zum Ort f\u00fcr junge Forschung: Ob Energiewende, Mobilit\u00e4t der Zukunft, Kreislaufwirtschaft oder nachhaltiger Konsum \u2013 beim Science Slam verwandeln Nachwuchswissenschaftler*innen komplexe Inhalte in anschauliche, unterhaltsame und lebendige Geschichten mit Aha-Effekt. Am Ende des Abends k\u00fcrt das Publikum den besten Vortrag.<\/p>\n<p><strong>Mitmachen: Slammer*innen gesucht \u2013 vom Ersti bis zur Doktorandin<\/strong><\/p>\n<p>F\u00fcr die zweite Auflage des Science Slam sucht das Wuppertal Institut Nachwuchswissenschaftler*innen vom Erstsemester bis zu Promovierenden, die ihre Forschung zum Thema Nachhaltigkeit auf der B\u00fchne pr\u00e4sentieren und andere daf\u00fcr begeistern m\u00f6chten.<\/p>\n<p>F\u00fcr die Teilnahme ist explizit keine Vorerfahrung notwendig. In einem zweit\u00e4gigen Workshop am 16. und 17. Oktober mit Dr. Julia Offe, Molekularbiologin und Mitbegr\u00fcnderin des Formats Science Slam, werden die angehenden Slammer*innen f\u00fcr die B\u00fchne fit gemacht.<\/p>\n<p>Interessierte k\u00f6nnen sich bis zum 18. Juli per E-Mail an <a href=\"https:\/\/www.uni-wuppertal.de\/de\/news\/detail\/science-slam-nachhaltigkeit-nachwuchswissenschaftlerinnen-gesucht\/#\" target=\"_blank\" rel=\"noreferrer noopener\">pr@wupperinst.org<\/a> mit folgenden Informationen bewerben: Name, Abteilung\/Forschungsbereich (Wuppertal Institut) oder Fakult\u00e4t (BUW) und zwei bis drei S\u00e4tze zum Forschungsthema. Es werden sechs Kandidat*innen ausgew\u00e4hlt, die vor einem Publikum von bis zu 200 Menschen antreten, um den Slam-Titel 2025 zu ergattern.<\/p>\n<p><strong>Das sagen die Slammer*innen des ersten Science Slams<\/strong><\/p>\n<p>&#8222;Der Science Slam war eine der coolsten Erfahrungen, die ich bisher am Institut machen durfte. Am Anfang war ich mir nicht ganz sicher, ob ich mich das wirklich traue \u2013 auf so einer B\u00fchne zu stehen, hat mir schon ein bisschen Respekt eingefl\u00f6\u00dft. Aber ich bin total froh, dass ich es gemacht habe! Besonders sch\u00f6n fand ich, wie wir Slammer*innen uns gegenseitig unterst\u00fctzt haben: schon im Workshop haben wir uns Tipps gegeben und angefeuert. Und was mich wirklich freut: Auch heute noch werde ich wegen des YouTube-Videos hin und wieder zu neuen Slams eingeladen. Ich kann es euch wirklich nur ans Herz legen, mitzumachen. Es lohnt sich!&#8220;<\/p>\n<p>Maike Demandt, Science Slammerin beim Science Slam NACHHALTIGKEIT Vol. 1<\/p>\n<p>&#8222;Am Science Slam teilzunehmen, war ein ziemlicher Schritt aus der eigenen Komfortzone \u2013 der sich absolut gelohnt hat. Dieses Format bricht eigentlich mit vielem, was man sonst im Forschungsalltag macht: Man muss seine Themen auf das Wesentliche herunterbrechen, vereinfachen, nachvollziehbar erkl\u00e4ren und dabei auch noch lustig sein. Es war eine ziemliche Herausforderung, das alles unter einen Hut zu bringen, und mit den tollen Slammer*innen, die ich im Verlauf des Workshops und der Vorbereitung kennengelernt habe, hatte ich eine wirklich spannende Zeit. Das einmal auszuprobieren, ist wirklich bereichernd!&#8220;<\/p>\n<p>Giacomo Sebis, Science Slammer beim Science Slam NACHHALTIGKEIT Vol. 1<\/p>\n","protected":false},"excerpt":{"rendered":"Nach einem erfolgreichen Auftakt in 2023 geht der Science Slam NACHHALTIGKEIT in die zweite Runde: Gemeinsam mit der&hellip;\n","protected":false},"author":2,"featured_media":45247,"comment_status":"","ping_status":"","sticky":false,"template":"","format":"standard","meta":{"footnotes":""},"categories":[1840],"tags":[3364,29,1149,4781,19165,30,1563,19164,4507,1209,19166,19162,19160,19163,19161,383,601,4418,19159],"class_list":{"0":"post-250600","1":"post","2":"type-post","3":"status-publish","4":"format-standard","5":"has-post-thumbnail","7":"category-wuppertal","8":"tag-de","9":"tag-deutschland","10":"tag-energie","11":"tag-energieeffizienz","12":"tag-ernst-ulrich-von-weizsaecker","13":"tag-germany","14":"tag-klima","15":"tag-manfred-fischedick","16":"tag-nachhaltigkeit","17":"tag-nordrhein-westfalen","18":"tag-peter-hennicke","19":"tag-ressourceneffizienz","20":"tag-stoffstroeme","21":"tag-sustainability","22":"tag-transition-forschung","23":"tag-umwelt","24":"tag-verkehr","25":"tag-wuppertal","26":"tag-wuppertal-institut"},"share_on_mastodon":{"url":"https:\/\/pubeurope.com\/@de\/114814699775722951","error":""},"_links":{"self":[{"href":"https:\/\/www.europesays.com\/de\/wp-json\/wp\/v2\/posts\/250600","targetHints":{"allow":["GET"]}}],"collection":[{"href":"https:\/\/www.europesays.com\/de\/wp-json\/wp\/v2\/posts"}],"about":[{"href":"https:\/\/www.europesays.com\/de\/wp-json\/wp\/v2\/types\/post"}],"author":[{"embeddable":true,"href":"https:\/\/www.europesays.com\/de\/wp-json\/wp\/v2\/users\/2"}],"replies":[{"embeddable":true,"href":"https:\/\/www.europesays.com\/de\/wp-json\/wp\/v2\/comments?post=250600"}],"version-history":[{"count":0,"href":"https:\/\/www.europesays.com\/de\/wp-json\/wp\/v2\/posts\/250600\/revisions"}],"wp:featuredmedia":[{"embeddable":true,"href":"https:\/\/www.europesays.com\/de\/wp-json\/wp\/v2\/media\/45247"}],"wp:attachment":[{"href":"https:\/\/www.europesays.com\/de\/wp-json\/wp\/v2\/media?parent=250600"}],"wp:term":[{"taxonomy":"category","embeddable":true,"href":"https:\/\/www.europesays.com\/de\/wp-json\/wp\/v2\/categories?post=250600"},{"taxonomy":"post_tag","embeddable":true,"href":"https:\/\/www.europesays.com\/de\/wp-json\/wp\/v2\/tags?post=250600"}],"curies":[{"name":"wp","href":"https:\/\/api.w.org\/{rel}","templated":true}]}}