{"id":250608,"date":"2025-07-08T00:11:13","date_gmt":"2025-07-08T00:11:13","guid":{"rendered":"https:\/\/www.europesays.com\/de\/250608\/"},"modified":"2025-07-08T00:11:13","modified_gmt":"2025-07-08T00:11:13","slug":"sein-foto-ging-um-die-welt","status":"publish","type":"post","link":"https:\/\/www.europesays.com\/de\/250608\/","title":{"rendered":"Sein Foto ging um die Welt!"},"content":{"rendered":"<p>Sein Foto ging um die WeltHochzeit drei Jahre nach H\u00f6lle von Mariupol<img alt=\"Ukraine-Krieg - Mariupol - Stahlwerk Azovstal\" loading=\"lazy\" width=\"940\" height=\"529\" decoding=\"async\" data-nimg=\"1\" class=\"Image_image__SdgLQ Picture_image__vGN9W\" style=\"color:transparent\"   src=\"https:\/\/www.europesays.com\/de\/wp-content\/uploads\/2025\/07\/ukraine-krieg-mariupol-stahlwerk-azovstal.webp.webp\"\/><\/p>\n<p>In Mariupol war Mykhailo Dianow einer der letzten K\u00e4mpfer, die das Stahlwerk Asowstal verteidigt haben. <\/p>\n<p>dpa<\/p>\n<p>7. Juli 2025 um 19:11 Uhr<\/p>\n<p class=\"Typography_text-default__wldUd Typography_align-left__koBUM AnnotatedMarkup_paragraph__IUT9l\"><strong>Sein Arm mit einer Schiene verbunden, die Haare schwarz vom Ru\u00df!<\/strong><br \/>Es ist dieses Bild von Mykhailo Dianow, das weltber\u00fchmt wird. Der 45-J\u00e4hrige ist 2022 einer der Letzten, die nach Russlands Angriff auf die Ukraine in dem Stahlwerk in Mariupol ausharren. Drei Jahre sp\u00e4ter hat der Ukraine-Held die Schrecken des Kriegs so gut es geht hinter sich gelassen \u2013 und sein Gl\u00fcck gefunden.<\/p>\n<p>\u201eWir stehen uns sehr nahe\u201d<\/p>\n<p class=\"Typography_text-default__wldUd Typography_align-left__koBUM AnnotatedMarkup_paragraph__IUT9l\">Sie sind noch kein Jahr zusammen, doch Mykhailo Dianow und seine Miroslawa sind sich sicher miteinander und haben sich jetzt das Ja-Wort gegeben. Das Paar lernt sich im vergangenen Herbst kennen, in seiner gemeinsamen Heimatstadt Ternopil, \u00f6stlich von Lwiw. <strong>\u201eWir sind Menschen aus derselben Zeit, aus derselben Stadt. Wir sprechen dieselbe Sprache, m\u00f6gen dieselbe Musik. Wir stehen uns sehr nahe\u201c<\/strong>, erkl\u00e4rt Dianowin einem Interview mit hromadske. Doch lange hatte der Ukraine-Held kein Gl\u00fcck, eine ernsthafte Beziehung zu finden.<\/p>\n<p class=\"Typography_text-default__wldUd Typography_align-left__koBUM AnnotatedMarkup_paragraph__IUT9l\"><strong>Lese-Tipp: <\/strong><a href=\"https:\/\/www.rtl.de\/cms\/ukraine-krieg-buergermeister-das-mariupol-das-sie-kannten-gibt-es-nicht-mehr-4930557.html\" target=\"_self\" rel=\"noopener\">\u201eDas Mariupol, das Sie kannten, gibt es nicht mehr\u201d<\/a><\/p>\n<p>Video-Tipp: 86 Tage verteidigen sie das Stahlwerk<\/p>\n<p>00:53 min<\/p>\n<p>Soldaten ergeben sich<\/p>\n<p>Ukraine gibt Verteidigung von Mariupol auf<\/p>\n<p>Anzeige:<\/p>\n<p>Empfehlungen unserer Partner<\/p>\n<p>Ein Foto macht ihn weltbekannt<\/p>\n<p class=\"Typography_text-default__wldUd Typography_align-left__koBUM AnnotatedMarkup_paragraph__IUT9l\">Der Kriegs-Ruhm habe dazu gef\u00fchrt, dass Frauen nicht an ihm interessiert waren, erkl\u00e4rt Dianow. Viel mehr h\u00e4tten sie mit ihm in den sozialen Medien angeben wollen \u2013 f\u00fcr ihre eigene Popularit\u00e4t. \u201eAber mit Miroslawa ist es anders\u201c, sagt er gl\u00fccklich.<\/p>\n<p class=\"Typography_text-default__wldUd Typography_align-left__koBUM AnnotatedMarkup_paragraph__IUT9l\"><strong>Lese-Tipp: <\/strong><a href=\"https:\/\/www.rtl.de\/cms\/ukraine-foto-von-asow-kaempfer-mykhailo-dianow-ging-um-die-welt-so-geht-es-ihm-heute-5031766.html\" target=\"_self\" rel=\"noopener\">Sein Foto ging um die Welt: DAS wurde aus Asow-K\u00e4mpfer Mykhailo<\/a><\/p>\n<p class=\"Typography_text-default__wldUd Typography_align-left__koBUM AnnotatedMarkup_paragraph__IUT9l\">Dianov wird 2022 durch ein Foto aus dem Asow-Stahlwerk in Mariupol bekannt. Kurz nach dem russischen Angriff auf die Stadt zogen sich die letzten Verteidiger der Stadt in das Werk zur\u00fcck, waren dort umzingelt. 86 Tage harrten sie dort unter widrigsten Bedingungen aus. <strong>Das Bild sei irgendwann zwischen den K\u00e4mpfen entstanden, so Dianow<\/strong>. Er habe einfach nur Tee getrunken, als der Fotograf Orest ihn um Erlaubnis bat, ihn zu fotografieren. \u201eIch habe mit meinen Fingern ein Siegeszeichen gemacht, weil ich dachte, wenn ich schon sterben muss, dann mit Musik\u201c, lacht der 45-J\u00e4hrige heute \u00fcber den Moment.<\/p>\n<p>\u201eKrieg, Asowstal und Oleniwka sind ein Teil meines Lebens\u201d<\/p>\n<p class=\"Typography_text-default__wldUd Typography_align-left__koBUM AnnotatedMarkup_paragraph__IUT9l\">Nach der Kapitulation kam der 45-J\u00e4hrige in Kriegsgefangenschaft, in das ber\u00fcchtigte Folterlager Oleniwka. Durch einen Gefangenenaustausch darf er schlie\u00dflich zur\u00fcck in die Ukraine.<\/p>\n<p class=\"Typography_text-default__wldUd Typography_align-left__koBUM AnnotatedMarkup_paragraph__IUT9l\"><strong>Lese-Tipp: <\/strong><a href=\"https:\/\/www.rtl.de\/cms\/putin-greift-die-ukraine-an-in-diesen-kinder-gesichtern-steckt-der-schrecken-des-krieges-4927200.html\" target=\"_self\" rel=\"noopener\">In diesen Kinder-Gesichtern steckt der Schrecken des Krieges<\/a><\/p>\n<p class=\"Typography_text-default__wldUd Typography_align-left__koBUM AnnotatedMarkup_paragraph__IUT9l\">Heute lebt der 45-J\u00e4hrige zur\u00fcckgezogen. <strong>In Ternopil baut Dianowderzeit ein Haus, dort will er mit seiner frisch gebackenen Ehefrau einziehen.<\/strong> Den Krieg habe er hinter sich gelassen. \u201eF\u00fcr mich sind der Krieg, Asowstal und Oleniwka ein Teil meines Lebens, der vergangen ist\u201d, sagt er. \u201eIch erinnere mich an sie wie an alle anderen Ereignisse, die ich erlebt habe. Ich versuche nicht, sie absichtlich zu vergessen, aber irgendwie verschwimmen sie in meiner Erinnerung.\u201d (okr) <\/p>\n","protected":false},"excerpt":{"rendered":"Sein Foto ging um die WeltHochzeit drei Jahre nach H\u00f6lle von Mariupol In Mariupol war Mykhailo Dianow einer&hellip;\n","protected":false},"author":2,"featured_media":250609,"comment_status":"","ping_status":"","sticky":false,"template":"","format":"standard","meta":{"footnotes":""},"categories":[4012],"tags":[331,338,332,339,344,342,343,13,14,335,329,336,334,341,15,330,337,333,328,327,12,4464,317,3081,340],"class_list":{"0":"post-250608","1":"post","2":"type-post","3":"status-publish","4":"format-standard","5":"has-post-thumbnail","7":"category-ukraine","8":"tag-aktuelle-nachrichten","9":"tag-aktuelle-nachrichten-auf-einen-blick","10":"tag-aktuelle-news","11":"tag-aktuelle-themen-in-der-welt","12":"tag-ems_-news","13":"tag-ems_news_newsausland","14":"tag-ems_news_newsinland","15":"tag-headlines","16":"tag-nachrichten","17":"tag-nachrichten-aus-aller-welt","18":"tag-nachrichten-deutschland","19":"tag-nachrichten-heute","20":"tag-nachrichten-international","21":"tag-nachrichten-usa","22":"tag-news","23":"tag-news-deutschland","24":"tag-news-heute","25":"tag-news-international","26":"tag-rtl-nachrichten","27":"tag-rtl-news","28":"tag-schlagzeilen","29":"tag-stahlindustrie","30":"tag-ukraine","31":"tag-ukraine-konflikt","32":"tag-usa-news"},"share_on_mastodon":{"url":"https:\/\/pubeurope.com\/@de\/114814719443047590","error":""},"_links":{"self":[{"href":"https:\/\/www.europesays.com\/de\/wp-json\/wp\/v2\/posts\/250608","targetHints":{"allow":["GET"]}}],"collection":[{"href":"https:\/\/www.europesays.com\/de\/wp-json\/wp\/v2\/posts"}],"about":[{"href":"https:\/\/www.europesays.com\/de\/wp-json\/wp\/v2\/types\/post"}],"author":[{"embeddable":true,"href":"https:\/\/www.europesays.com\/de\/wp-json\/wp\/v2\/users\/2"}],"replies":[{"embeddable":true,"href":"https:\/\/www.europesays.com\/de\/wp-json\/wp\/v2\/comments?post=250608"}],"version-history":[{"count":0,"href":"https:\/\/www.europesays.com\/de\/wp-json\/wp\/v2\/posts\/250608\/revisions"}],"wp:featuredmedia":[{"embeddable":true,"href":"https:\/\/www.europesays.com\/de\/wp-json\/wp\/v2\/media\/250609"}],"wp:attachment":[{"href":"https:\/\/www.europesays.com\/de\/wp-json\/wp\/v2\/media?parent=250608"}],"wp:term":[{"taxonomy":"category","embeddable":true,"href":"https:\/\/www.europesays.com\/de\/wp-json\/wp\/v2\/categories?post=250608"},{"taxonomy":"post_tag","embeddable":true,"href":"https:\/\/www.europesays.com\/de\/wp-json\/wp\/v2\/tags?post=250608"}],"curies":[{"name":"wp","href":"https:\/\/api.w.org\/{rel}","templated":true}]}}