{"id":250610,"date":"2025-07-08T00:12:13","date_gmt":"2025-07-08T00:12:13","guid":{"rendered":"https:\/\/www.europesays.com\/de\/250610\/"},"modified":"2025-07-08T00:12:13","modified_gmt":"2025-07-08T00:12:13","slug":"suedkorea-intensiviert-us-handelsgespraeche-vor-inkrafttreten-der-zoelle-am-1-august","status":"publish","type":"post","link":"https:\/\/www.europesays.com\/de\/250610\/","title":{"rendered":"S\u00fcdkorea intensiviert US-Handelsgespr\u00e4che vor Inkrafttreten der Z\u00f6lle am 1. August"},"content":{"rendered":"<p>S\u00fcdkorea hat angek\u00fcndigt, die Handelsgespr\u00e4che mit den Vereinigten Staaten zu intensivieren und betrachtet den Plan des US-Pr\u00e4sidenten Donald Trump, ab dem 1. August einen Zollsatz von 25\u00a0% zu erheben, als eine faktische Verl\u00e4ngerung der Schonfrist f\u00fcr die Umsetzung von Gegenz\u00f6llen.<\/p>\n<p>\nTrump erkl\u00e4rte am Montag, dass er den Zoll auf Waren aus S\u00fcdkorea ab dem 1. August erheben werde. Er ver\u00f6ffentlichte dazu einen Brief an Pr\u00e4sident Lee Jae Myung auf seiner Social-Media-Plattform, ebenso wie einen an den japanischen Regierungschef.<\/p>\n<p>\nDas s\u00fcdkoreanische Industrieministerium teilte in einer Stellungnahme mit, dass das Schreiben im Grunde eine Verl\u00e4ngerung der Frist f\u00fcr die Einf\u00fchrung von Gegenz\u00f6llen durch die Vereinigten Staaten bedeute.<\/p>\n<p>\n&#8222;Wir werden die Verhandlungen in der verbleibenden Zeit intensivieren, um ein f\u00fcr beide Seiten vorteilhaftes Ergebnis zu erzielen und die Unsicherheiten durch die Z\u00f6lle rasch auszur\u00e4umen&#8220;, hie\u00df es weiter.<\/p>\n<p>\n&#8222;Wir sehen dies zudem als Chance, die inl\u00e4ndischen Systeme und Regulierungen zu verbessern, um das Handelsdefizit, das ein zentrales Interesse der Vereinigten Staaten ist, zu verringern und Schl\u00fcsselindustrien durch eine Partnerschaft zur industriellen Erneuerung zwischen beiden L\u00e4ndern voranzubringen&#8220;, erkl\u00e4rte das Ministerium.<\/p>\n<p>\nDer f\u00fchrende<\/p>\n<p>\nHandelsgesandte S\u00fcdkoreas<\/p>\n<p>\nund der nationale Sicherheitsberater des Pr\u00e4sidenten<\/p>\n<p>\nreisten in den vergangenen Tagen in die Vereinigten Staaten, um \u00fcber Handel und Verteidigung zu sprechen, w\u00e4hrend die viertgr\u00f6\u00dfte Volkswirtschaft Asiens eilig versucht, eine Ausnahme von den von Trump angedrohten Z\u00f6llen zu erreichen.<\/p>\n<p>\nDas Industrieministerium r\u00e4umte in seiner Erkl\u00e4rung ein, dass nach dem Amtsantritt der neuen Regierung in S\u00fcdkorea nicht gen\u00fcgend Zeit geblieben sei, um mit den Vereinigten Staaten eine Einigung in allen Fragen zu erzielen, trotz<\/p>\n<p>\nintensiver Verhandlungen<\/p>\n<p>\n.<\/p>\n<p>\nDer s\u00fcdkoreanische Pr\u00e4sident Lee trat sein Amt am 4. Juni an, nachdem er eine vorgezogene Wahl gewonnen hatte. Diese war nach der Verh\u00e4ngung des Kriegsrechts durch seinen Vorg\u00e4nger im Dezember notwendig geworden &#8211; ein Schritt, der laut Lee die Reaktion des Landes auf die US-Handelspolitik und die neuen Z\u00f6lle erheblich beeintr\u00e4chtigt habe.<\/p>\n","protected":false},"excerpt":{"rendered":"S\u00fcdkorea hat angek\u00fcndigt, die Handelsgespr\u00e4che mit den Vereinigten Staaten zu intensivieren und betrachtet den Plan des US-Pr\u00e4sidenten Donald&hellip;\n","protected":false},"author":2,"featured_media":250611,"comment_status":"","ping_status":"","sticky":false,"template":"","format":"standard","meta":{"footnotes":""},"categories":[3977],"tags":[331,332,665,13,14,15,12,4017,4018,4016,64,4019,4020],"class_list":{"0":"post-250610","1":"post","2":"type-post","3":"status-publish","4":"format-standard","5":"has-post-thumbnail","7":"category-usa","8":"tag-aktuelle-nachrichten","9":"tag-aktuelle-news","10":"tag-boerse","11":"tag-headlines","12":"tag-nachrichten","13":"tag-news","14":"tag-schlagzeilen","15":"tag-united-states","16":"tag-united-states-of-america","17":"tag-us","18":"tag-usa","19":"tag-vereinigte-staaten","20":"tag-vereinigte-staaten-von-amerika"},"share_on_mastodon":{"url":"https:\/\/pubeurope.com\/@de\/114814723211442721","error":""},"_links":{"self":[{"href":"https:\/\/www.europesays.com\/de\/wp-json\/wp\/v2\/posts\/250610","targetHints":{"allow":["GET"]}}],"collection":[{"href":"https:\/\/www.europesays.com\/de\/wp-json\/wp\/v2\/posts"}],"about":[{"href":"https:\/\/www.europesays.com\/de\/wp-json\/wp\/v2\/types\/post"}],"author":[{"embeddable":true,"href":"https:\/\/www.europesays.com\/de\/wp-json\/wp\/v2\/users\/2"}],"replies":[{"embeddable":true,"href":"https:\/\/www.europesays.com\/de\/wp-json\/wp\/v2\/comments?post=250610"}],"version-history":[{"count":0,"href":"https:\/\/www.europesays.com\/de\/wp-json\/wp\/v2\/posts\/250610\/revisions"}],"wp:featuredmedia":[{"embeddable":true,"href":"https:\/\/www.europesays.com\/de\/wp-json\/wp\/v2\/media\/250611"}],"wp:attachment":[{"href":"https:\/\/www.europesays.com\/de\/wp-json\/wp\/v2\/media?parent=250610"}],"wp:term":[{"taxonomy":"category","embeddable":true,"href":"https:\/\/www.europesays.com\/de\/wp-json\/wp\/v2\/categories?post=250610"},{"taxonomy":"post_tag","embeddable":true,"href":"https:\/\/www.europesays.com\/de\/wp-json\/wp\/v2\/tags?post=250610"}],"curies":[{"name":"wp","href":"https:\/\/api.w.org\/{rel}","templated":true}]}}