{"id":250617,"date":"2025-07-08T00:17:10","date_gmt":"2025-07-08T00:17:10","guid":{"rendered":"https:\/\/www.europesays.com\/de\/250617\/"},"modified":"2025-07-08T00:17:10","modified_gmt":"2025-07-08T00:17:10","slug":"merz-will-europa-leiten-schoene-worte-reichen-nicht","status":"publish","type":"post","link":"https:\/\/www.europesays.com\/de\/250617\/","title":{"rendered":"Merz will Europa leiten: Sch\u00f6ne Worte reichen nicht"},"content":{"rendered":"<p class=\"tspA4jh tspA4ji\">Deutschland ist zur\u00fcck auf der internationalen B\u00fchne. <a href=\"https:\/\/www.tagesspiegel.de\/politik\/themen\/friedrich-merz?icid=in-text-link_13967624\" class=\"link link--internal\" data-gtm-class=\"article-text-link\" data-gtm-val=\"internal\" target=\"_blank\" rel=\"noopener\">Friedrich Merz<\/a> (CDU) hat in den ersten Wochen seiner Kanzlerschaft in Sachen Au\u00dfenpolitik einen geradezu fulminanten Start hingelegt. Nach dem Zauderer <a href=\"https:\/\/www.tagesspiegel.de\/politik\/themen\/olaf-scholz?icid=in-text-link_13967624\" class=\"link link--internal\" data-gtm-class=\"article-text-link\" data-gtm-val=\"internal\" target=\"_blank\" rel=\"noopener\">Olaf Scholz<\/a> (SPD) pr\u00e4sentiert sich nun bei den Treffen der Staats- und Regierungschef der Macher Merz. <\/p>\n<p class=\"tspA4jh\">In Europa ist das Aufatmen gro\u00df. Zuletzt hat die EU-Au\u00dfenbeauftragte <a href=\"https:\/\/www.tagesspiegel.de\/internationales\/gipfel-in-krisenzeiten-europa-muss-im-nahen-osten-aktiv-werden-13914652.html?icid=in-text-link_13967624\" class=\"link link--internal\" data-gtm-class=\"article-text-link\" data-gtm-val=\"internal\" target=\"_blank\" rel=\"noopener\">Kaja Kallas<\/a> das mit Abstand m\u00e4chtigste Land in der Union dazu aufgefordert, in diesen Zeiten der multiplen Krisen mehr Verantwortung zu \u00fcbernehmen. Friedrich Merz l\u00e4sst sich in diesem Fall nicht zweimal bitten und betont, dass Deutschland unter ihm selbstverst\u00e4ndlich die l\u00e4ngst \u00fcberf\u00e4llige wirtschaftliche, politische und milit\u00e4rische F\u00fchrungsrolle einnehmen werde.<\/p>\n<p><img decoding=\"async\" src=\"https:\/\/www.europesays.com\/de\/wp-content\/uploads\/2025\/06\/aa-foto-stz-krohn.jpeg\"   alt=\"\" width=\"767\" height=\"767\" loading=\"lazy\" class=\"tspBGkj\"\/><\/p>\n<p class=\"tspB0mk\"><strong>Knut Krohn<\/strong> berichtet seit Ende 2021 aus Br\u00fcssel \u00fcber die Europ\u00e4ische Union und die Nato. Zuvor arbeitete er als Korrespondent in Paris, Warschau, Rom und Moskau. Er sagt: Im Moment ist Merz vor allem ein Kanzler der folgenlosen Ank\u00fcndigungen.\u00a0<\/p>\n<p class=\"tspA4jh\">Der neue Bundeskanzler muss allerdings aufpassen, dass er nach diesem kometenhaften Start nicht an der harten Realit\u00e4t zerschellt. Denn im Moment ist Merz vor allem ein Kanzler der folgenlosen Ank\u00fcndigungen. <\/p>\n<blockquote class=\"tspB4mv\">\n<p>Putin hat dem Kanzler eine Lehrstunde erteilt und der Welt gezeigt, dass Merz in Sachen Ukraine im Ernstfall nicht mutig f\u00fchrt, sondern ebenso zaudert wie sein Vorg\u00e4nger.<\/p>\n<\/blockquote>\n<p class=\"tspB4mw\"><strong>Knut Krohn<\/strong><\/p>\n<p class=\"tspA4jh\">Dass markige Auftritte allein nicht gen\u00fcgen, ist ihm als Novize in Sachen <a href=\"https:\/\/www.tagesspiegel.de\/politik\/themen\/krieg-in-der-ukraine?icid=in-text-link_13967624\" class=\"link link--internal\" data-gtm-class=\"article-text-link\" data-gtm-val=\"internal\" target=\"_blank\" rel=\"noopener\">Ukrainekrieg<\/a> schnell klargemacht worden. Kurz nach seiner Wahl war der deutsche Kanzler medienwirksam nach Kiew gereist, wo er den Aggressor Russland ultimativ zu einem Waffenstillstand aufgefordert hat. <\/p>\n<p class=\"tspA4jh\">Moskaus Antwort war ein Gewitter aus Raketen und Drohnen. Die von Merz angedrohten massiven Sanktionen sind ausgeblieben. <a href=\"https:\/\/www.tagesspiegel.de\/internationales\/themen\/wladimir-putin?icid=in-text-link_13967624\" class=\"link link--internal\" data-gtm-class=\"article-text-link\" data-gtm-val=\"internal\" target=\"_blank\" rel=\"noopener\">Wladimir Putin<\/a> hat mit der ihm eigenen Brutalit\u00e4t eine Lehrstunde erteilt und der Welt gezeigt, dass Friedrich Merz in Sachen Ukraine im Ernstfall nicht mutig f\u00fchrt, sondern ebenso zaudert wie sein Vorg\u00e4nger. <\/p>\n<p> In der Au\u00dfenpolitik nimmt Trump Deutschland nicht ernst <\/p>\n<p class=\"tspA4jh\">Auch Donald Trump scheint die Rolle Deutschlands als selbsternannte EU-F\u00fchrungsmacht nicht zur Kenntnis zu nehmen. Friedrich Merz, der nach mehreren Treffen seinen guten Draht zum US-Pr\u00e4sidenten r\u00fchmte, wurde dieser Tage trocken dar\u00fcber informiert, dass Trump die W\u00fcnsche des von Moskau bedrohten Europas herzlich egal sind. Er werde nicht nur bereits versprochene <a href=\"https:\/\/www.tagesspiegel.de\/internationales\/druck-auf-selenskyj-weiter-erhoht-trump-stellt-samtliche-us-militarhilfen-fur-die-ukraine-ein-13309546.html?icid=in-text-link_13967624\" class=\"link link--internal\" data-gtm-class=\"article-text-link\" data-gtm-val=\"internal\" target=\"_blank\" rel=\"noopener\">US-Milit\u00e4rhilfe f\u00fcr Kiew<\/a> einstellen, sondern auch wichtige Sanktionen gegen Russland aufheben. <\/p>\n<p class=\"tspA4jh\">Merz l\u00e4uft Gefahr, mit seiner Art von markigen, aber weitgehend folgenlosen Auftritten seine Glaubw\u00fcrdigkeit zu verspielen. Die ist aber unerl\u00e4ssliche Grundlage daf\u00fcr, dass Deutschland als F\u00fchrungsnation in Europa akzeptiert wird. &#13;<\/p>\n<p class=\"tspA4jh\">Ob der Kanzler die von ihm angestrebte Rolle tats\u00e4chlich ausf\u00fcllen kann, wird sich am schnellsten bei der Verteidigung zeigen. Zwar stehen f\u00fcr den Ausbau der Bundeswehr Milliardensummen zur Verf\u00fcgung, vor deren sinnvollen Einsatz stehen aber hohe H\u00fcrden. <\/p>\n<p><img decoding=\"async\" src=\"https:\/\/www.europesays.com\/de\/wp-content\/uploads\/2025\/07\/merz-personlich-guten-draht-zu-trump-gefunden.jpeg\"   alt=\"\" aria-labelledby=\"caption-13967684\" width=\"440\" height=\"330\" loading=\"lazy\" class=\"tspBGkj\"\/> Zuh\u00f6ren und nur dann widersprechen, wenn es nicht anders m\u00f6glich ist: Diese Strategie hat sich bei Regierungschefs im Umgang mit US-Pr\u00e4sident Donald Trump herumgesprochen. <\/p>\n<p class=\"tspAOg1\"> \u00a9 dpa\/Michael Kappeler <\/p>\n<p class=\"tspA4jh\">So muss der fragmentierte und b\u00fcrokratisch schwerf\u00e4llige Verteidigungs- und Sicherheitsapparat im Eiltempo reformiert werden. Begleitet werden muss das durch eine gesellschaftliche Diskussion \u00fcber die Wiederbewaffnung. Die Skepsis dagegen ist vor allem bei der jungen Generation enorm.<\/p>\n<p> Die Uhr tickt: Bis 2029 k\u00f6nnte Moskau einen gro\u00dfen Krieg beginnen <\/p>\n<p class=\"tspA4jh\">Das Zeitfenster f\u00fcr den Aufbau einer glaubw\u00fcrdigen Abschreckung ist winzig klein. Milit\u00e4rexperten warnen davor, dass Russland bis 2029 zu einem weiteren gro\u00dfen Krieg bereit sein k\u00f6nnte. Gelingt es Deutschland, seine strategischen Ambitionen in reale F\u00e4higkeiten umzusetzen, werden andere Nationen folgen. F\u00fchrung gelingt am besten \u00fcber die Vorbildfunktion.&#13;<\/p>\n<p><a href=\"https:\/\/nl.tagesspiegel.de\/form.action?agnCI=875&amp;agnFN=Anmeldung_Washington-Weekly&amp;utm_campaign=newsletter-signup&amp;utm_source=tagesspiegel.de&amp;utm_medium=website&amp;utm_content=link&amp;icid=single-topic_13967624___\" data-gtm-class=\"article-mzt-link\" class=\"tspCEnx\" target=\"_blank\" rel=\"noopener\">Washington Weekly Das Wichtigste aus den USA, jeden Donnerstag in Ihrem Postfach: Der kostenfreie Newsletter unserer USA-Experten <\/a><\/p>\n<p class=\"tspA4jh\">Deutschland steht bei all seinem Tun nat\u00fcrlich unter besonderer Beobachtung \u2013 und Merz legte unter diesen Gesichtspunkten einen wahrhaft miserablen Start an den Tag. Unmittelbar nach seiner Wahl lie\u00df er ohne Absprache die Grenzen zu den Nachbarl\u00e4ndern verst\u00e4rkt kontrollieren. Der Erfolg war eher symbolisch, aber seine Anh\u00e4nger jubelten, sagte der neue Kanzler in ihren Augen damit doch der irregul\u00e4ren Migration offen den Kampf an. &#13;<\/p>\n<p class=\"tspA4jh\">Mit dieser Aktion best\u00e4tigte Merz aber alle alten Vorurteile \u00fcber ein \u00fcberm\u00e4chtiges Deutschland, das bereit ist, seinen gro\u00dfen Einfluss r\u00fccksichtslos einzusetzen. Die Emp\u00f6rung im Ausland war immens und Merz musste erkennen, dass Alleing\u00e4nge keine F\u00fchrung sind, sondern genau das Gegenteil bewirken. <\/p>\n<p> Lesen Sie auch <a href=\"https:\/\/www.tagesspiegel.de\/gesellschaft\/friedrich-merz-und-der-zirkuszelt-vergleich-worte-haben-macht--ein-kanzler-sollte-das-wissen-13954751.html?icid=topic-list_13967624___\" data-gtm-class=\"article-mzt-link\" class=\"tspCEnx\" target=\"_blank\" rel=\"noopener\">Friedrich Merz und der Zirkuszelt-Vergleich Worte haben Macht \u2013 ein Kanzler sollte das wissen <\/a><a href=\"https:\/\/www.tagesspiegel.de\/politik\/der-befurchtete-eklat-bleibt-aus-trump-macht-es-merz-mit-seinen-monologen-leichter-als-erwartet-13810972.html?icid=topic-list_13967624___\" data-gtm-class=\"article-mzt-link\" class=\"tspCEnx\" target=\"_blank\" rel=\"noopener\">Der bef\u00fcrchtete Eklat bleibt aus Trump macht es Merz mit seinen Monologen leichter als erwartet <\/a><a href=\"https:\/\/www.tagesspiegel.de\/internationales\/uberraschender-misstrauensantrag-gegen-eu-chefin-der-unmut-uber-ursula-von-der-leyen-ist-gross-13962923.html?icid=topic-list_13967624___\" data-gtm-class=\"article-mzt-link\" class=\"tspCEnx\" target=\"_blank\" rel=\"noopener\">Misstrauensantrag gegen von der Leyen Der Unmut \u00fcber die EU-Chefin ist gro\u00df \u2013 und wird sie doch nicht das Amt kosten <\/a><\/p>\n<p class=\"tspA4jh\">Bei den folgenden Treffen mit seinen EU-Kollegen musste der Kanzler deshalb mit viel Geschickt die Wogen wieder gl\u00e4tten \u2013 und es zeigte sich, dass Bundeskanzler bisweilen eben auch nur ein Lehrberuf ist. &#13;<\/p>\n","protected":false},"excerpt":{"rendered":"Deutschland ist zur\u00fcck auf der internationalen B\u00fchne. Friedrich Merz (CDU) hat in den ersten Wochen seiner Kanzlerschaft in&hellip;\n","protected":false},"author":2,"featured_media":250618,"comment_status":"","ping_status":"","sticky":false,"template":"","format":"standard","meta":{"footnotes":""},"categories":[3933],"tags":[331,332,1157,31,106,548,663,158,3934,3935,775,13,1435,382,14,15,1175,307,12,184,317,312],"class_list":{"0":"post-250617","1":"post","2":"type-post","3":"status-publish","4":"format-standard","5":"has-post-thumbnail","7":"category-eu","8":"tag-aktuelle-nachrichten","9":"tag-aktuelle-news","10":"tag-aussenpolitik","11":"tag-cdu","12":"tag-donald-trump","13":"tag-eu","14":"tag-europa","15":"tag-europaeische-union","16":"tag-europe","17":"tag-european-union","18":"tag-friedrich-merz","19":"tag-headlines","20":"tag-krieg-in-der-ukraine","21":"tag-migration","22":"tag-nachrichten","23":"tag-news","24":"tag-olaf-scholz","25":"tag-russland","26":"tag-schlagzeilen","27":"tag-spd","28":"tag-ukraine","29":"tag-ukrainekrieg"},"share_on_mastodon":{"url":"https:\/\/pubeurope.com\/@de\/114814743250619773","error":""},"_links":{"self":[{"href":"https:\/\/www.europesays.com\/de\/wp-json\/wp\/v2\/posts\/250617","targetHints":{"allow":["GET"]}}],"collection":[{"href":"https:\/\/www.europesays.com\/de\/wp-json\/wp\/v2\/posts"}],"about":[{"href":"https:\/\/www.europesays.com\/de\/wp-json\/wp\/v2\/types\/post"}],"author":[{"embeddable":true,"href":"https:\/\/www.europesays.com\/de\/wp-json\/wp\/v2\/users\/2"}],"replies":[{"embeddable":true,"href":"https:\/\/www.europesays.com\/de\/wp-json\/wp\/v2\/comments?post=250617"}],"version-history":[{"count":0,"href":"https:\/\/www.europesays.com\/de\/wp-json\/wp\/v2\/posts\/250617\/revisions"}],"wp:featuredmedia":[{"embeddable":true,"href":"https:\/\/www.europesays.com\/de\/wp-json\/wp\/v2\/media\/250618"}],"wp:attachment":[{"href":"https:\/\/www.europesays.com\/de\/wp-json\/wp\/v2\/media?parent=250617"}],"wp:term":[{"taxonomy":"category","embeddable":true,"href":"https:\/\/www.europesays.com\/de\/wp-json\/wp\/v2\/categories?post=250617"},{"taxonomy":"post_tag","embeddable":true,"href":"https:\/\/www.europesays.com\/de\/wp-json\/wp\/v2\/tags?post=250617"}],"curies":[{"name":"wp","href":"https:\/\/api.w.org\/{rel}","templated":true}]}}