{"id":250634,"date":"2025-07-08T00:26:12","date_gmt":"2025-07-08T00:26:12","guid":{"rendered":"https:\/\/www.europesays.com\/de\/250634\/"},"modified":"2025-07-08T00:26:12","modified_gmt":"2025-07-08T00:26:12","slug":"polizei-trennt-rechte-und-linke-demonstranten","status":"publish","type":"post","link":"https:\/\/www.europesays.com\/de\/250634\/","title":{"rendered":"Polizei trennt rechte und linke Demonstranten"},"content":{"rendered":"<p>Proteste in N\u00fcrnberg <\/p>\n<p>Polizei trennt rivalisierende Lager mit M\u00fche<\/p>\n<p>08.07.2025 &#8211; 01:23 UhrLesedauer: 1 Min.<\/p>\n<p><a href=\"#focus-0\" class=\"transition-colors duration-200 focus-within:text-magenta block text-current relative\" data-sctrack=\"FocusGalleryImage.Reference\"><img fetchpriority=\"high\" data-testid=\"Opener.Image\" style=\"--lqipURL:url('https:\/\/images.t-online.de\/2025\/07\/O46fSps-mziO\/593x151:2806x1578\/fit-in\/150x0\/filters:blur(25)\/polizeieinsatz-bei-montagsdemo-archivbild-rund-320-menschen-gingen-am-montagabend-in-nuernberg-auf-die-strasse.jpg')\"   loading=\"eager\" src=\"https:\/\/www.europesays.com\/de\/wp-content\/uploads\/2025\/07\/polizeieinsatz-bei-montagsdemo-archivbild-rund-320-menschen-gingen-am-montagabend-in-nuernberg-auf-d.jpeg\" alt=\"Polizeieinsatz bei Montagsdemo (Archivbild): Rund 320 Menschen gingen am Montagabend in N\u00fcrnberg auf die Stra\u00dfe.\" title=\"Polizeieinsatz bei Montagsdemo (Archivbild): Rund 320 Menschen gingen am Montagabend in N\u00fcrnberg auf die Stra\u00dfe.\" width=\"2806\" height=\"1578\" class=\"bg-[url:var(--lqipURL)] bg-cover bg-center flex h-full w-full max-w-full\" decoding=\"async\"\/><img style=\"--width:32;--height:32\" loading=\"lazy\" src=\"https:\/\/www.t-online.de\/s\/paper\/_next\/static\/media\/zoom-in.f7dae02f.svg\" alt=\"Vergr\u00f6\u00dfern des Bildes\" title=\"Vergr\u00f6\u00dfern des Bildes\" class=\"block h-[calc(var(--height)_\/_16_*_1rem)] w-[calc(var(--width)_\/_16_*_1rem)] max-w-none absolute bottom-8 right-8 rounded-4 bg-snow p-8\" decoding=\"async\"\/><\/a><\/p>\n<p>Polizeieinsatz bei Montagsdemo (Archivbild): Rund 320 Menschen gingen am Montagabend in N\u00fcrnberg auf die Stra\u00dfe. (Quelle: IMAGO\/Ardan Fuessmann\/imago-images-bilder)<\/p>\n<p class=\"font-bold text-18 leading-17\">Am Montagabend gingen 70 Rechte und 250 Gegendemonstranten in N\u00fcrnberg auf die Stra\u00dfe. Die Polizei musste mehrfach ergreifen.<\/p>\n<p class=\"text-18 leading-17\">Eine rechte Demonstration hat am Montagabend in der N\u00fcrnberger Innenstadt f\u00fcr angespannte Stimmung gesorgt. Rund 70 Teilnehmer einer Versammlung mit dem Titel &#8222;F\u00fcr Demokratie und Rechtsstaat \u2013 W\u00e4hlerwillen anerkennen!&#8220; trafen auf etwa 250 Gegendemonstranten aus drei verschiedenen Protestgruppen.<\/p>\n<p class=\"text-18 leading-17\">Die Polizei musste mit einem Gro\u00dfaufgebot anr\u00fccken, um ein direktes Aufeinandertreffen der verfeindeten Lager zu verhindern. Ab 18.30 Uhr sammelten sich die Teilnehmer der rechten Versammlung auf der \u00f6stlichen Seite des Hallplatzes, w\u00e4hrend sich zeitgleich auf der Westseite die Gegenproteste &#8222;N\u00fcrnberg Nazifrei&#8220;, &#8222;Mahnwache gegen die Montagsdemo vom Team Menschenrechte&#8220; und &#8222;Musiker*innen gegen Nazis&#8220; formierten.<\/p>\n<p class=\"text-18 leading-17\">Gegen 19.10 Uhr setzte sich die rechte Demonstration als Aufzug durch die Innenstadt in Bewegung. Die Gegendemonstranten organisierten ebenfalls einen Aufzug mit alternativer Route. An mehreren Stellen entlang der Wegstrecke lie\u00dfen sich Teilnehmer des Gegenprotests zu Sitzblockaden nieder.<\/p>\n<p class=\"text-18 leading-17\">Die Einsatzleitung wertete diese Blockaden als Versammlungen und wies ihnen entsprechende Fl\u00e4chen zu. Da sich einige Personen trotz mehrmaliger Ansprache nicht auf die zugewiesenen Versammlungsfl\u00e4chen begaben, mussten diese durch Einsatzkr\u00e4fte weggetragen werden. Im Gesamtverlauf musste vereinzelt unmittelbarer Zwang angewandt werden.<\/p>\n<p class=\"text-18 leading-17\">Die Beamten leiteten gegen Versammlungsteilnehmer Ermittlungsverfahren wegen Beleidigung und t\u00e4tlichen Angriffs auf Vollstreckungsbeamte ein. Zudem wurden Ordnungswidrigkeiten und Vergehen gegen das Bayerische Versammlungsgesetz geahndet.<\/p>\n<p class=\"text-18 leading-17\">Das Demonstrationsgeschehen war um 21 Uhr beendet. Unter Leitung der Polizeiinspektion N\u00fcrnberg-Mitte waren zahlreiche Einsatzkr\u00e4fte der Polizeiinspektion Zentrale Einsatzdienste <a class=\"transition-colors duration-200 cursor-pointer text-inherit no-underline text-salemsfur md:hover:text-magenta md:hover:border-magenta md:focus:text-magenta border-current border-b border-solid break-words\" href=\"https:\/\/www.t-online.de\/themen\/mittelfranken\/\" data-sctrack=\"BodyAnchor\" target=\"_blank\" rel=\"noopener\">Mittelfranken<\/a>, der bayerischen Bereitschaftspolizei, der N\u00fcrnberger Verkehrspolizei sowie der Kriminalpolizei <a class=\"transition-colors duration-200 cursor-pointer text-inherit no-underline text-salemsfur md:hover:text-magenta md:hover:border-magenta md:focus:text-magenta border-current border-b border-solid break-words\" href=\"https:\/\/www.t-online.de\/region\/nuernberg\/\" data-sctrack=\"BodyAnchor\" target=\"_blank\" rel=\"noopener\">N\u00fcrnberg<\/a> im Einsatz.<\/p>\n","protected":false},"excerpt":{"rendered":"Proteste in N\u00fcrnberg Polizei trennt rivalisierende Lager mit M\u00fche 08.07.2025 &#8211; 01:23 UhrLesedauer: 1 Min. Polizeieinsatz bei Montagsdemo&hellip;\n","protected":false},"author":2,"featured_media":250635,"comment_status":"","ping_status":"","sticky":false,"template":"","format":"standard","meta":{"footnotes":""},"categories":[1837],"tags":[722,3176,772,3364,29,30,46442,3783,121,4908],"class_list":{"0":"post-250634","1":"post","2":"type-post","3":"status-publish","4":"format-standard","5":"has-post-thumbnail","7":"category-nuernberg","8":"tag-722","9":"tag-3176","10":"tag-bayern","11":"tag-de","12":"tag-deutschland","13":"tag-germany","14":"tag-montagsdemo","15":"tag-nuernberg","16":"tag-polizei","17":"tag-polizeieinsatz"},"share_on_mastodon":{"url":"https:\/\/pubeurope.com\/@de\/114814778467441280","error":""},"_links":{"self":[{"href":"https:\/\/www.europesays.com\/de\/wp-json\/wp\/v2\/posts\/250634","targetHints":{"allow":["GET"]}}],"collection":[{"href":"https:\/\/www.europesays.com\/de\/wp-json\/wp\/v2\/posts"}],"about":[{"href":"https:\/\/www.europesays.com\/de\/wp-json\/wp\/v2\/types\/post"}],"author":[{"embeddable":true,"href":"https:\/\/www.europesays.com\/de\/wp-json\/wp\/v2\/users\/2"}],"replies":[{"embeddable":true,"href":"https:\/\/www.europesays.com\/de\/wp-json\/wp\/v2\/comments?post=250634"}],"version-history":[{"count":0,"href":"https:\/\/www.europesays.com\/de\/wp-json\/wp\/v2\/posts\/250634\/revisions"}],"wp:featuredmedia":[{"embeddable":true,"href":"https:\/\/www.europesays.com\/de\/wp-json\/wp\/v2\/media\/250635"}],"wp:attachment":[{"href":"https:\/\/www.europesays.com\/de\/wp-json\/wp\/v2\/media?parent=250634"}],"wp:term":[{"taxonomy":"category","embeddable":true,"href":"https:\/\/www.europesays.com\/de\/wp-json\/wp\/v2\/categories?post=250634"},{"taxonomy":"post_tag","embeddable":true,"href":"https:\/\/www.europesays.com\/de\/wp-json\/wp\/v2\/tags?post=250634"}],"curies":[{"name":"wp","href":"https:\/\/api.w.org\/{rel}","templated":true}]}}