{"id":250676,"date":"2025-07-08T00:48:16","date_gmt":"2025-07-08T00:48:16","guid":{"rendered":"https:\/\/www.europesays.com\/de\/250676\/"},"modified":"2025-07-08T00:48:16","modified_gmt":"2025-07-08T00:48:16","slug":"vortrag-gesuender-wohnen-mit-be-und-entlueftungssystemen-muenchen-de","status":"publish","type":"post","link":"https:\/\/www.europesays.com\/de\/250676\/","title":{"rendered":"Vortrag \u201eGes\u00fcnder wohnen mit Be- und Entl\u00fcftungssystemen\u201c &#8211; muenchen.de"},"content":{"rendered":"<p>Das Bauzentrum M\u00fcnchen l\u00e4dt in Kooperation mit der M\u00fcnchner Volkshochschule (MVHS) am Donnerstag, 10. Juli, um 18.30 Uhr ein zum Vortrag \u201eGes\u00fcnder wohnen mit Be- und Entl\u00fcftungssystemen\u201c. Veranstaltungsort ist die MVHS in Ramersdorf, Claudius-Keller-Stra\u00dfe 7. Eine Anmeldung ist erforderlich unter <a href=\"https:\/\/t1p.de\/chbpm\" target=\"_blank\" rel=\"noopener\">https:\/\/t1p.de\/chbpm<\/a>. Informationen zur Anmeldung unter mvhs.de\/anmeldung-beratung. Die Teilnahme ist kostenfrei. Wohnungsl\u00fcftung wurde bisher haupts\u00e4chlich in Hinblick auf ausreichende Luftzufuhr und Schimmelvermeidung betrachtet. Nun richtet sich der Fokus zunehmend auch auf die Einsparung von Energie, die durch ein L\u00fcftungssystem mit W\u00e4rmer\u00fcckgewinnung realisiert werden kann. Eine richtig geplante und eingebaute Wohnrauml\u00fcftung sorgt nicht nur f\u00fcr maximale Energieeffizienz, sondern auch f\u00fcr ein gesundes und behagliches Raumklima. Der Sachverst\u00e4ndige Alexander Schaaf gibt einen \u00dcberblick zu den verschiedenen M\u00f6glichkeiten der Wohnrauml\u00fcftung.<br \/>Weitere Informationen im Internet unter <a href=\"https:\/\/www.muenchen.de\/bauzentrum\" target=\"_blank\" rel=\"noopener\">muenchen.de\/bauzentrum<\/a> und <a href=\"http:\/\/veranstaltungen.muenchen.de\/bauzentrum\" target=\"_blank\" rel=\"noopener\">veranstaltungen.muenchen.de\/bauzentrum<\/a>.<\/p>\n","protected":false},"excerpt":{"rendered":"Das Bauzentrum M\u00fcnchen l\u00e4dt in Kooperation mit der M\u00fcnchner Volkshochschule (MVHS) am Donnerstag, 10. Juli, um 18.30 Uhr&hellip;\n","protected":false},"author":2,"featured_media":3684,"comment_status":"","ping_status":"","sticky":false,"template":"","format":"standard","meta":{"footnotes":""},"categories":[1827],"tags":[772,29,30,3467,3469,1268,3468],"class_list":{"0":"post-250676","1":"post","2":"type-post","3":"status-publish","4":"format-standard","5":"has-post-thumbnail","7":"category-muenchen","8":"tag-bayern","9":"tag-deutschland","10":"tag-germany","11":"tag-landeshauptstadt","12":"tag-muenchen-de","13":"tag-muenchen","14":"tag-stadtportal"},"share_on_mastodon":{"url":"https:\/\/pubeurope.com\/@de\/114814864863145916","error":""},"_links":{"self":[{"href":"https:\/\/www.europesays.com\/de\/wp-json\/wp\/v2\/posts\/250676","targetHints":{"allow":["GET"]}}],"collection":[{"href":"https:\/\/www.europesays.com\/de\/wp-json\/wp\/v2\/posts"}],"about":[{"href":"https:\/\/www.europesays.com\/de\/wp-json\/wp\/v2\/types\/post"}],"author":[{"embeddable":true,"href":"https:\/\/www.europesays.com\/de\/wp-json\/wp\/v2\/users\/2"}],"replies":[{"embeddable":true,"href":"https:\/\/www.europesays.com\/de\/wp-json\/wp\/v2\/comments?post=250676"}],"version-history":[{"count":0,"href":"https:\/\/www.europesays.com\/de\/wp-json\/wp\/v2\/posts\/250676\/revisions"}],"wp:featuredmedia":[{"embeddable":true,"href":"https:\/\/www.europesays.com\/de\/wp-json\/wp\/v2\/media\/3684"}],"wp:attachment":[{"href":"https:\/\/www.europesays.com\/de\/wp-json\/wp\/v2\/media?parent=250676"}],"wp:term":[{"taxonomy":"category","embeddable":true,"href":"https:\/\/www.europesays.com\/de\/wp-json\/wp\/v2\/categories?post=250676"},{"taxonomy":"post_tag","embeddable":true,"href":"https:\/\/www.europesays.com\/de\/wp-json\/wp\/v2\/tags?post=250676"}],"curies":[{"name":"wp","href":"https:\/\/api.w.org\/{rel}","templated":true}]}}