{"id":250681,"date":"2025-07-08T00:51:10","date_gmt":"2025-07-08T00:51:10","guid":{"rendered":"https:\/\/www.europesays.com\/de\/250681\/"},"modified":"2025-07-08T00:51:10","modified_gmt":"2025-07-08T00:51:10","slug":"berlin-brandenburg-zweiter-staatssekretaer-fuer-brandenburgs-innenressort","status":"publish","type":"post","link":"https:\/\/www.europesays.com\/de\/250681\/","title":{"rendered":"Berlin &#038; Brandenburg: Zweiter Staatssekret\u00e4r f\u00fcr Brandenburgs Innenressort"},"content":{"rendered":"<p>                    Berlin &amp; Brandenburg<br \/>\n                Zweiter Staatssekret\u00e4r f\u00fcr Brandenburgs Innenressort<\/p>\n<p>\t\t\t\t              07.07.2025, 19:39 Uhr<\/p>\n<p><strong>Innenminister Ren\u00e9 Wilke ist seit rund sechs Wochen im Amt. Nun soll er im Innenressort Verst\u00e4rkung bekommen.<\/strong><\/p>\n<p>Potsdam (dpa\/bb) &#8211; Brandenburgs Innenminister Ren\u00e9 Wilke bekommt einen zweiten Staatssekret\u00e4r. Regierungssprecherin Ines Filohn begr\u00fcndete dies mit dem &#8222;Aufgabenzuwachs&#8220; im Ministerium des Innern und f\u00fcr Kommunales in Potsdam. Zuvor hatte die &#8222;M\u00e4rkische Allgemeine&#8220; (MAZ) dar\u00fcber berichtet. Geplant ist laut Regierungssprecherin, dass der zweite Staatssekret\u00e4r neben Frank Stolper zum 1. August beginnt. Die Suche laufe, so Filohn.\u00a0<\/p>\n<p>Nach dem Bericht der &#8222;MAZ&#8220; hatte Minister Wilke den Wunsch nach einem weiteren Staatssekret\u00e4r in der vergangenen Woche im Innenausschuss des Landtags erstmals vorgebracht. Der 41-j\u00e4hrige parteilose Ex-Oberb\u00fcrgermeister aus Frankfurt (Oder) begr\u00fcndete dies dort mit der zus\u00e4tzlichen Verantwortung des Hauses f\u00fcr den Landesbetrieb Bauen und den Bereich Integration.<\/p>\n<p>Laut dem &#8222;MAZ&#8220;-Bericht kritisieren die Oppositionsparteien AfD und CDU die Pl\u00e4ne der Regierung von SPD und B\u00fcndnis Sahra Wagenknecht. Der fr\u00fchere Innenminister Michael St\u00fcbgen hatte auch einen zweiten Staatssekret\u00e4r. Allerdings war der CDU-Politiker auch Stellvertreter von Ministerpr\u00e4sident Dietmar Woidke (SPD).<\/p>\n","protected":false},"excerpt":{"rendered":"Berlin &amp; Brandenburg Zweiter Staatssekret\u00e4r f\u00fcr Brandenburgs Innenressort 07.07.2025, 19:39 Uhr Innenminister Ren\u00e9 Wilke ist seit rund sechs&hellip;\n","protected":false},"author":2,"featured_media":250682,"comment_status":"","ping_status":"","sticky":false,"template":"","format":"standard","meta":{"footnotes":""},"categories":[1816],"tags":[1960,1958,1959,1957,296,1956,1890,9348,29,30,25624,25841,16213],"class_list":{"0":"post-250681","1":"post","2":"type-post","3":"status-publish","4":"format-standard","5":"has-post-thumbnail","7":"category-brandenburg","8":"tag-aktuelle-nachrichten-aus-berlin-und-brandenburg","9":"tag-aktuelle-nachrichten-aus-brandenburg","10":"tag-aktuelle-news-aus-berlin-und-brandenburg","11":"tag-aktuelle-news-aus-brandenburg","12":"tag-berlin","13":"tag-berlin-und-brandenburg","14":"tag-brandenburg","15":"tag-brandenburgs","16":"tag-deutschland","17":"tag-germany","18":"tag-innenressort","19":"tag-staatssekretaer","20":"tag-zweiter"},"share_on_mastodon":{"url":"https:\/\/pubeurope.com\/@de\/114814876644501090","error":""},"_links":{"self":[{"href":"https:\/\/www.europesays.com\/de\/wp-json\/wp\/v2\/posts\/250681","targetHints":{"allow":["GET"]}}],"collection":[{"href":"https:\/\/www.europesays.com\/de\/wp-json\/wp\/v2\/posts"}],"about":[{"href":"https:\/\/www.europesays.com\/de\/wp-json\/wp\/v2\/types\/post"}],"author":[{"embeddable":true,"href":"https:\/\/www.europesays.com\/de\/wp-json\/wp\/v2\/users\/2"}],"replies":[{"embeddable":true,"href":"https:\/\/www.europesays.com\/de\/wp-json\/wp\/v2\/comments?post=250681"}],"version-history":[{"count":0,"href":"https:\/\/www.europesays.com\/de\/wp-json\/wp\/v2\/posts\/250681\/revisions"}],"wp:featuredmedia":[{"embeddable":true,"href":"https:\/\/www.europesays.com\/de\/wp-json\/wp\/v2\/media\/250682"}],"wp:attachment":[{"href":"https:\/\/www.europesays.com\/de\/wp-json\/wp\/v2\/media?parent=250681"}],"wp:term":[{"taxonomy":"category","embeddable":true,"href":"https:\/\/www.europesays.com\/de\/wp-json\/wp\/v2\/categories?post=250681"},{"taxonomy":"post_tag","embeddable":true,"href":"https:\/\/www.europesays.com\/de\/wp-json\/wp\/v2\/tags?post=250681"}],"curies":[{"name":"wp","href":"https:\/\/api.w.org\/{rel}","templated":true}]}}