{"id":250685,"date":"2025-07-08T00:53:19","date_gmt":"2025-07-08T00:53:19","guid":{"rendered":"https:\/\/www.europesays.com\/de\/250685\/"},"modified":"2025-07-08T00:53:19","modified_gmt":"2025-07-08T00:53:19","slug":"berlin-brandenburg-mann-kippt-gegen-vorbeifahrenden-linienbus-intensivstation","status":"publish","type":"post","link":"https:\/\/www.europesays.com\/de\/250685\/","title":{"rendered":"Berlin &#038; Brandenburg: Mann kippt gegen vorbeifahrenden Linienbus &#8211; Intensivstation"},"content":{"rendered":"<p>                    Berlin &amp; Brandenburg<br \/>\n                Mann kippt gegen vorbeifahrenden Linienbus &#8211; Intensivstation<\/p>\n<p>\t\t\t\t              07.07.2025, 17:11 Uhr<\/p>\n<p><strong>Rettungskr\u00e4fte werden in den fr\u00fchen Morgenstunden in den Berliner S\u00fcdosten gerufen. Dort prallte ein Fu\u00dfg\u00e4nger gegen einen BVG-Bus. Was ist bislang bekannt?<\/strong><\/p>\n<p>Berlin (dpa\/bb) &#8211; Ein Mann ist in Berlin-Niedersch\u00f6neweide gegen einen vorbeifahrenden Bus geprallt und hat sich dabei schwer verletzt. Der Bus der Linie 165 war in den fr\u00fchen Morgenstunden auf einer Betriebsfahrt, als der 26-J\u00e4hrige auf der Schnellerstra\u00dfe kurz vor dem S-Bahnhof Sch\u00f6neweide von rechts auf die Fahrbahn kippte, wie die Polizei mitteilte. Den Angaben nach stand er augenscheinlich unter Alkohol- und Drogeneinfluss.\u00a0<\/p>\n<p>Der Mann prallte seitlich gegen den Bus und schlug mit dem Kopf auf dem Bordstein auf. Er wurde in ein Krankenhaus gebracht und mit Kopfverletzungen auf der Intensivstation aufgenommen. Lebensgefahr soll nicht bestehen. Der 54 Jahre alte Fahrer des Linienbusses stand unter Schock. Er wurde am Ort \u00e4rztlich behandelt, hie\u00df es.<\/p>\n","protected":false},"excerpt":{"rendered":"Berlin &amp; Brandenburg Mann kippt gegen vorbeifahrenden Linienbus &#8211; Intensivstation 07.07.2025, 17:11 Uhr Rettungskr\u00e4fte werden in den fr\u00fchen&hellip;\n","protected":false},"author":2,"featured_media":250686,"comment_status":"","ping_status":"","sticky":false,"template":"","format":"standard","meta":{"footnotes":""},"categories":[1825],"tags":[296,1890,29,30,55677,17113,1980],"class_list":{"0":"post-250685","1":"post","2":"type-post","3":"status-publish","4":"format-standard","5":"has-post-thumbnail","7":"category-berlin","8":"tag-berlin","9":"tag-brandenburg","10":"tag-deutschland","11":"tag-germany","12":"tag-intensivstation","13":"tag-linienbus","14":"tag-mann"},"share_on_mastodon":{"url":"https:\/\/pubeurope.com\/@de\/114814884533294827","error":""},"_links":{"self":[{"href":"https:\/\/www.europesays.com\/de\/wp-json\/wp\/v2\/posts\/250685","targetHints":{"allow":["GET"]}}],"collection":[{"href":"https:\/\/www.europesays.com\/de\/wp-json\/wp\/v2\/posts"}],"about":[{"href":"https:\/\/www.europesays.com\/de\/wp-json\/wp\/v2\/types\/post"}],"author":[{"embeddable":true,"href":"https:\/\/www.europesays.com\/de\/wp-json\/wp\/v2\/users\/2"}],"replies":[{"embeddable":true,"href":"https:\/\/www.europesays.com\/de\/wp-json\/wp\/v2\/comments?post=250685"}],"version-history":[{"count":0,"href":"https:\/\/www.europesays.com\/de\/wp-json\/wp\/v2\/posts\/250685\/revisions"}],"wp:featuredmedia":[{"embeddable":true,"href":"https:\/\/www.europesays.com\/de\/wp-json\/wp\/v2\/media\/250686"}],"wp:attachment":[{"href":"https:\/\/www.europesays.com\/de\/wp-json\/wp\/v2\/media?parent=250685"}],"wp:term":[{"taxonomy":"category","embeddable":true,"href":"https:\/\/www.europesays.com\/de\/wp-json\/wp\/v2\/categories?post=250685"},{"taxonomy":"post_tag","embeddable":true,"href":"https:\/\/www.europesays.com\/de\/wp-json\/wp\/v2\/tags?post=250685"}],"curies":[{"name":"wp","href":"https:\/\/api.w.org\/{rel}","templated":true}]}}