{"id":250687,"date":"2025-07-08T00:54:12","date_gmt":"2025-07-08T00:54:12","guid":{"rendered":"https:\/\/www.europesays.com\/de\/250687\/"},"modified":"2025-07-08T00:54:12","modified_gmt":"2025-07-08T00:54:12","slug":"in-berlin-erfolgen-antrag-beratung-sprachtests-fuer-den-deutschen-pass-digital","status":"publish","type":"post","link":"https:\/\/www.europesays.com\/de\/250687\/","title":{"rendered":"In Berlin erfolgen Antrag, Beratung, Sprachtests f\u00fcr den deutschen Pass digital"},"content":{"rendered":"<p>In Deutschland ist die Zahl der Einb\u00fcrgerungen im vergangenen Jahr auf einen historischen H\u00f6chststand gestiegen. 292.000 Menschen erhielten 2024 die deutsche Staatsangeh\u00f6rigkeit \u2013 ein Anstieg, der nicht zuletzt auf das neue digitale Verfahren in Berlin zur\u00fcckzuf\u00fchren ist. Dort wurde die Zahl der Einb\u00fcrgerungen im ersten Halbjahr 2025 gegen\u00fcber dem Gesamtjahr 2023 mehr als verdoppelt: 20.060 Migranten wurden bereits eingeb\u00fcrgert.<\/p>\n<p>Die Hauptstadt hat das Verfahren vollst\u00e4ndig digitalisiert. Antragstellung, Beratung und sogar Sprachtests k\u00f6nnen online erfolgen \u2013 \u00abper Mausklick\u00bb, berichtet die <a href=\"https:\/\/www.bild.de\/politik\/inland\/einbuergerung-immer-schneller-jetzt-gibts-den-deutschen-pass-per-mausklick-686a2effa577540eec212812\" target=\"_blank\" rel=\"noopener\">Bild<\/a>-Zeitung. Eine pers\u00f6nliche Vorsprache ist in Berlin meist erst zur \u00dcbergabe der Urkunde n\u00f6tig. Der zust\u00e4ndige Sprecher sagte der <a href=\"https:\/\/www.bild.de\/politik\/inland\/einbuergerung-immer-schneller-jetzt-gibts-den-deutschen-pass-per-mausklick-686a2effa577540eec212812\" target=\"_blank\" rel=\"noopener\">Bild<\/a>: \u00abAuch eine gesonderte Vorsprache zur Identit\u00e4tspr\u00fcfung oder ein Sprachtest vor der Entscheidung \u00fcber die Einb\u00fcrgerung kann regelhaft entfallen.\u00bb<\/p>\n<p>Kritik kommt aus anderen Bundesl\u00e4ndern. Baden-W\u00fcrttemberg und Hessen bestehen weiter auf ein pers\u00f6nliches Gespr\u00e4ch, um Bekenntnisse zur freiheitlich-demokratischen Grundordnung zu pr\u00fcfen. \u00abNur so l\u00e4sst sich sicherstellen, dass es sich nicht um Lippenbekenntnisse handelt\u00bb, so ein Sprecher des Innenministeriums.<\/p>\n<p>Hamburg und Bayern zeigen sich flexibler. In beiden L\u00e4ndern reicht oft eine einmalige pers\u00f6nliche Anwesenheit aus \u2013 sp\u00e4testens bei der Aush\u00e4ndigung des Dokuments.<\/p>\n","protected":false},"excerpt":{"rendered":"In Deutschland ist die Zahl der Einb\u00fcrgerungen im vergangenen Jahr auf einen historischen H\u00f6chststand gestiegen. 292.000 Menschen erhielten&hellip;\n","protected":false},"author":2,"featured_media":250688,"comment_status":"","ping_status":"","sticky":false,"template":"","format":"standard","meta":{"footnotes":""},"categories":[1825],"tags":[296,29,1081,17122,30,382,16],"class_list":{"0":"post-250687","1":"post","2":"type-post","3":"status-publish","4":"format-standard","5":"has-post-thumbnail","7":"category-berlin","8":"tag-berlin","9":"tag-deutschland","10":"tag-digitalisierung","11":"tag-einbuergerung","12":"tag-germany","13":"tag-migration","14":"tag-politik"},"share_on_mastodon":{"url":"https:\/\/pubeurope.com\/@de\/114814888644827382","error":""},"_links":{"self":[{"href":"https:\/\/www.europesays.com\/de\/wp-json\/wp\/v2\/posts\/250687","targetHints":{"allow":["GET"]}}],"collection":[{"href":"https:\/\/www.europesays.com\/de\/wp-json\/wp\/v2\/posts"}],"about":[{"href":"https:\/\/www.europesays.com\/de\/wp-json\/wp\/v2\/types\/post"}],"author":[{"embeddable":true,"href":"https:\/\/www.europesays.com\/de\/wp-json\/wp\/v2\/users\/2"}],"replies":[{"embeddable":true,"href":"https:\/\/www.europesays.com\/de\/wp-json\/wp\/v2\/comments?post=250687"}],"version-history":[{"count":0,"href":"https:\/\/www.europesays.com\/de\/wp-json\/wp\/v2\/posts\/250687\/revisions"}],"wp:featuredmedia":[{"embeddable":true,"href":"https:\/\/www.europesays.com\/de\/wp-json\/wp\/v2\/media\/250688"}],"wp:attachment":[{"href":"https:\/\/www.europesays.com\/de\/wp-json\/wp\/v2\/media?parent=250687"}],"wp:term":[{"taxonomy":"category","embeddable":true,"href":"https:\/\/www.europesays.com\/de\/wp-json\/wp\/v2\/categories?post=250687"},{"taxonomy":"post_tag","embeddable":true,"href":"https:\/\/www.europesays.com\/de\/wp-json\/wp\/v2\/tags?post=250687"}],"curies":[{"name":"wp","href":"https:\/\/api.w.org\/{rel}","templated":true}]}}