{"id":250691,"date":"2025-07-08T00:56:13","date_gmt":"2025-07-08T00:56:13","guid":{"rendered":"https:\/\/www.europesays.com\/de\/250691\/"},"modified":"2025-07-08T00:56:13","modified_gmt":"2025-07-08T00:56:13","slug":"femizid-in-berlin-lebenslange-freiheitsstrafe-fuer-ex-partner","status":"publish","type":"post","link":"https:\/\/www.europesays.com\/de\/250691\/","title":{"rendered":"Femizid in Berlin: Lebenslange Freiheitsstrafe f\u00fcr Ex-Partner"},"content":{"rendered":"<p>Femizid in Berlin <\/p>\n<p>Lebenslange Freiheitsstrafe f\u00fcr Ex-Partner<\/p>\n<p>08.07.2025 &#8211; 01:51 UhrLesedauer: 2 Min.<\/p>\n<p><a href=\"#focus-0\" class=\"transition-colors duration-200 focus-within:text-magenta block text-current relative\" data-sctrack=\"FocusGalleryImage.Reference\"><img fetchpriority=\"high\" data-testid=\"Opener.Image\" style=\"--lqipURL:url('https:\/\/images.t-online.de\/2025\/07\/eeVlGnjxjhok\/0x118:800x450\/fit-in\/150x0\/filters:blur(25)\/ein-schild-weist-auf-das-landgericht-berlin-hin-symbolbild-rund-zehn-monate-nach-der-tat-folgte-die-urteilsverkuendung.jpg')\"   loading=\"eager\" src=\"https:\/\/www.europesays.com\/de\/wp-content\/uploads\/2025\/07\/ein-schild-weist-auf-das-landgericht-berlin-hin-symbolbild-rund-zehn-monate-nach-der-tat-folgte-die-.jpeg\" alt=\"Ein Schild weist auf das Landgericht Berlin hin (Symbolbild): Rund zehn Monate nach der Tat folgte die Urteilsverk\u00fcndung.\" title=\"Ein Schild weist auf das Landgericht Berlin hin (Symbolbild): Rund zehn Monate nach der Tat folgte die Urteilsverk\u00fcndung.\" width=\"800\" height=\"450\" class=\"bg-[url:var(--lqipURL)] bg-cover bg-center flex h-full w-full max-w-full\" decoding=\"async\"\/><img style=\"--width:32;--height:32\" loading=\"lazy\" src=\"https:\/\/www.t-online.de\/s\/paper\/_next\/static\/media\/zoom-in.f7dae02f.svg\" alt=\"Vergr\u00f6\u00dfern des Bildes\" title=\"Vergr\u00f6\u00dfern des Bildes\" class=\"block h-[calc(var(--height)_\/_16_*_1rem)] w-[calc(var(--width)_\/_16_*_1rem)] max-w-none absolute bottom-8 right-8 rounded-4 bg-snow p-8\" decoding=\"async\"\/><\/a><\/p>\n<p>Ein Schild weist auf das Landgericht Berlin hin (Symbolbild): Rund zehn Monate nach der Tat folgte die Urteilsverk\u00fcndung. (Quelle: Jens Kalaene\/dpa)<\/p>\n<p class=\"font-bold text-18 leading-17\">&#8222;Lass mich in Ruhe, vergiss die vier Jahre&#8220; \u2013 das waren ihre letzten klaren Worte an ihn. Dann zog der 46-J\u00e4hrige das Messer.<\/p>\n<p class=\"text-18 leading-17\">Ein 46-j\u00e4hriger Mann ist wegen des Mordes an seiner Ex-Partnerin zu einer lebenslangen Freiheitsstrafe verurteilt worden. Das Berliner Landgericht sprach den t\u00fcrkischen Staatsangeh\u00f6rigen am Montag des Mordes an der 28-j\u00e4hrigen Griechin schuldig. Der Vorsitzende Richter Thomas Gro\u00df sah es als erwiesen an, dass der Angeklagte aus Besitzdenken heraus gehandelt hatte.<\/p>\n<p class=\"text-18 leading-17\">Die 28-J\u00e4hrige erlitt insgesamt 28 Stich- und Schnittverletzungen. Sie starb kurze Zeit sp\u00e4ter in einem Krankenhaus. &#8222;Sie konnte nicht gerettet werden&#8220;, stellte der Richter fest. Die Frau lebte mit zwei Kindern aus einer anderen Beziehung in einem Mehrfamilienhaus und war als alleinerziehende Mutter berufst\u00e4tig.<\/p>\n<p class=\"text-18 leading-17\">Die Beziehung zwischen dem gelernten Koch und der 28-J\u00e4hrigen hatte mehrere Jahre gedauert. Im Mai 2024 trennte sich die Frau von dem 46-J\u00e4hrigen. Grund waren unter anderem seine Kontrollversuche \u2013 so hatte er ihr das Mobiltelefon weggenommen, wie im Prozess bekannt wurde.<\/p>\n<p class=\"text-18 leading-17\">&#8222;Sie fand klare Worte, um ihn zur\u00fcckzuweisen&#8220;, erkl\u00e4rte Richter Gro\u00df. &#8222;Lass mich in Ruhe, vergiss die vier Jahre&#8220;, habe sie zu ihm gesagt. Dennoch fuhr der Mann immer wieder zu ihr. Am Tatabend baute er sich schlie\u00dflich vor ihr auf, zog ein Messer und stach zu. Aus niedrigen Beweggr\u00fcnden habe der Angeklagte die Frau get\u00f6tet, so das Gericht. &#8222;Er konnte die Trennung nicht akzeptieren.&#8220;<\/p>\n<p class=\"text-18 leading-17\">Der 46-J\u00e4hrige wurde noch am Tattag festgenommen und befindet sich seitdem in Untersuchungshaft. Der Vater von einem Sohn und drei T\u00f6chtern \u00e4u\u00dferte im Prozess Bedauern f\u00fcr seine Tat. Seine beiden Verteidiger pl\u00e4dierten auf einen Schuldspruch wegen Totschlags, stellten jedoch keinen konkreten Strafantrag.<\/p>\n<p class=\"text-18 leading-17\">Die Staatsanwaltschaft bewertete die Tat als Femizid \u2013 einen Mord an einer Frau aufgrund ihres Geschlechts. Das Gericht folgte mit seinem Urteil dem Antrag der Staatsanw\u00e4ltin auf lebenslange Freiheitsstrafe. Die Entscheidung ist noch nicht rechtskr\u00e4ftig.<\/p>\n","protected":false},"excerpt":{"rendered":"Femizid in Berlin Lebenslange Freiheitsstrafe f\u00fcr Ex-Partner 08.07.2025 &#8211; 01:51 UhrLesedauer: 2 Min. Ein Schild weist auf das&hellip;\n","protected":false},"author":2,"featured_media":250692,"comment_status":"","ping_status":"","sticky":false,"template":"","format":"standard","meta":{"footnotes":""},"categories":[1825],"tags":[3176,296,77012,29,5165,30,4854,1981,2183,77011],"class_list":{"0":"post-250691","1":"post","2":"type-post","3":"status-publish","4":"format-standard","5":"has-post-thumbnail","7":"category-berlin","8":"tag-3176","9":"tag-berlin","10":"tag-berlin-friedrichsfelde","11":"tag-deutschland","12":"tag-freiheitsstrafe","13":"tag-germany","14":"tag-landgericht-berlin","15":"tag-messer","16":"tag-mord","17":"tag-thomas-gross"},"share_on_mastodon":{"url":"https:\/\/pubeurope.com\/@de\/114814896335722288","error":""},"_links":{"self":[{"href":"https:\/\/www.europesays.com\/de\/wp-json\/wp\/v2\/posts\/250691","targetHints":{"allow":["GET"]}}],"collection":[{"href":"https:\/\/www.europesays.com\/de\/wp-json\/wp\/v2\/posts"}],"about":[{"href":"https:\/\/www.europesays.com\/de\/wp-json\/wp\/v2\/types\/post"}],"author":[{"embeddable":true,"href":"https:\/\/www.europesays.com\/de\/wp-json\/wp\/v2\/users\/2"}],"replies":[{"embeddable":true,"href":"https:\/\/www.europesays.com\/de\/wp-json\/wp\/v2\/comments?post=250691"}],"version-history":[{"count":0,"href":"https:\/\/www.europesays.com\/de\/wp-json\/wp\/v2\/posts\/250691\/revisions"}],"wp:featuredmedia":[{"embeddable":true,"href":"https:\/\/www.europesays.com\/de\/wp-json\/wp\/v2\/media\/250692"}],"wp:attachment":[{"href":"https:\/\/www.europesays.com\/de\/wp-json\/wp\/v2\/media?parent=250691"}],"wp:term":[{"taxonomy":"category","embeddable":true,"href":"https:\/\/www.europesays.com\/de\/wp-json\/wp\/v2\/categories?post=250691"},{"taxonomy":"post_tag","embeddable":true,"href":"https:\/\/www.europesays.com\/de\/wp-json\/wp\/v2\/tags?post=250691"}],"curies":[{"name":"wp","href":"https:\/\/api.w.org\/{rel}","templated":true}]}}