{"id":250716,"date":"2025-07-08T01:12:27","date_gmt":"2025-07-08T01:12:27","guid":{"rendered":"https:\/\/www.europesays.com\/de\/250716\/"},"modified":"2025-07-08T01:12:27","modified_gmt":"2025-07-08T01:12:27","slug":"hauptbahnhof-halle-wegen-feueralarm-geraeumt-du-bist-halle","status":"publish","type":"post","link":"https:\/\/www.europesays.com\/de\/250716\/","title":{"rendered":"Hauptbahnhof Halle wegen Feueralarm ger\u00e4umt \u2013 Du bist Halle"},"content":{"rendered":"<p>Am Montagnachmittag kam es am Hauptbahnhof Halle zu einem kurzfristigen Feuerwehreinsatz. Gegen 15:30 Uhr hatte die Brandmeldeanlage ausgel\u00f6st, woraufhin das gesamte Bahnhofsgeb\u00e4ude vorsorglich evakuiert wurde. Sowohl Reisende als auch Mitarbeitende der Gesch\u00e4fte mussten das Geb\u00e4ude umgehend verlassen.<\/p>\n<p>Die Feuerwehr r\u00fcckte z\u00fcgig an und kontrollierte den betroffenen Bereich gr\u00fcndlich. Gl\u00fccklicherweise stellte sich der Alarm als Fehlmeldung heraus \u2013 ein Brand konnte nicht festgestellt werden. Nach rund 30 Minuten wurde die Anlage zur\u00fcckgesetzt, und der regul\u00e4re Betrieb des Bahnhofs konnte kurz vor 16 Uhr wieder aufgenommen werden.<\/p>\n<p>W\u00e4hrend der Evakuierung verpassten einige Reisende ihre Anschlussz\u00fcge, was zu Unmut und Verz\u00f6gerungen f\u00fchrte. Die Deutsche Bahn bedauerte die Unannehmlichkeiten, verwies jedoch auf die Sicherheitsvorkehrungen, die bei einem solchen Alarm zwingend eingehalten werden m\u00fcssten.<\/p>\n<p><img decoding=\"async\" loading=\"lazy\" width=\"590\" height=\"858\" src=\"https:\/\/www.europesays.com\/de\/wp-content\/uploads\/2025\/07\/IMG_20250707_154136_717.jpg\" alt=\"\" class=\"wp-image-322014\"  \/><\/p>\n","protected":false},"excerpt":{"rendered":"Am Montagnachmittag kam es am Hauptbahnhof Halle zu einem kurzfristigen Feuerwehreinsatz. Gegen 15:30 Uhr hatte die Brandmeldeanlage ausgel\u00f6st,&hellip;\n","protected":false},"author":2,"featured_media":250717,"comment_status":"","ping_status":"","sticky":false,"template":"","format":"standard","meta":{"footnotes":""},"categories":[1860],"tags":[3364,29,548,663,3934,30,4062,17332,13,14,15,17331,860,12],"class_list":{"0":"post-250716","1":"post","2":"type-post","3":"status-publish","4":"format-standard","5":"has-post-thumbnail","7":"category-halle-saale","8":"tag-de","9":"tag-deutschland","10":"tag-eu","11":"tag-europa","12":"tag-europe","13":"tag-germany","14":"tag-halle","15":"tag-halle-saale","16":"tag-headlines","17":"tag-nachrichten","18":"tag-news","19":"tag-saale","20":"tag-sachsen-anhalt","21":"tag-schlagzeilen"},"share_on_mastodon":{"url":"https:\/\/pubeurope.com\/@de\/114814959193307035","error":""},"_links":{"self":[{"href":"https:\/\/www.europesays.com\/de\/wp-json\/wp\/v2\/posts\/250716","targetHints":{"allow":["GET"]}}],"collection":[{"href":"https:\/\/www.europesays.com\/de\/wp-json\/wp\/v2\/posts"}],"about":[{"href":"https:\/\/www.europesays.com\/de\/wp-json\/wp\/v2\/types\/post"}],"author":[{"embeddable":true,"href":"https:\/\/www.europesays.com\/de\/wp-json\/wp\/v2\/users\/2"}],"replies":[{"embeddable":true,"href":"https:\/\/www.europesays.com\/de\/wp-json\/wp\/v2\/comments?post=250716"}],"version-history":[{"count":0,"href":"https:\/\/www.europesays.com\/de\/wp-json\/wp\/v2\/posts\/250716\/revisions"}],"wp:featuredmedia":[{"embeddable":true,"href":"https:\/\/www.europesays.com\/de\/wp-json\/wp\/v2\/media\/250717"}],"wp:attachment":[{"href":"https:\/\/www.europesays.com\/de\/wp-json\/wp\/v2\/media?parent=250716"}],"wp:term":[{"taxonomy":"category","embeddable":true,"href":"https:\/\/www.europesays.com\/de\/wp-json\/wp\/v2\/categories?post=250716"},{"taxonomy":"post_tag","embeddable":true,"href":"https:\/\/www.europesays.com\/de\/wp-json\/wp\/v2\/tags?post=250716"}],"curies":[{"name":"wp","href":"https:\/\/api.w.org\/{rel}","templated":true}]}}