{"id":250725,"date":"2025-07-08T01:17:10","date_gmt":"2025-07-08T01:17:10","guid":{"rendered":"https:\/\/www.europesays.com\/de\/250725\/"},"modified":"2025-07-08T01:17:10","modified_gmt":"2025-07-08T01:17:10","slug":"borussia-moenchengladbach-irres-geruecht-top-klub-will-ihn-haben","status":"publish","type":"post","link":"https:\/\/www.europesays.com\/de\/250725\/","title":{"rendered":"Borussia M\u00f6nchengladbach: Irres Ger\u00fccht! Top-Klub will IHN haben"},"content":{"rendered":"<p>Sehns\u00fcchtig wartet man bei Borussia M\u00f6nchengladbach auf Abg\u00e4nge. W\u00e4hrend die Konkurrenz bereits den Transfermarkt durchforstet und neue Verst\u00e4rkungen verpflichtet, scheinen die Fohlen in einem Sommerloch zu stecken. Kaum etwas passiert.<\/p>\n<p>Der Grund: Die Fohlen k\u00f6nnen erst aktiv werden, wenn <a href=\"https:\/\/www.derwesten.de\/sport\/fussball\/borussia-moenchengladbach-reitz-fulham-wechsel-fohlen-id301660451.html\" rel=\"nofollow noopener\" target=\"_blank\">frisches Geld<\/a> in die Kassen flie\u00dft. Jetzt k\u00f6nnte es jedoch bald so weit sein. Ein irres Ger\u00fccht sorgt aktuell f\u00fcr Aufsehen: Luca Netz soll auf dem Zettel eines europ\u00e4ischen Top-Klubs stehen.<\/p>\n<p><strong>Borussia M\u00f6nchengladbach: Holt ein Top-Klub Netz?<\/strong><\/p>\n<p>Der siebenfache Champions-League-Sieger AC Mailand soll laut dem italienischen Portal \u201eMilanPress\u201c Interesse an Netz haben. Offenbar k\u00f6nnte Netz als m\u00f6glicher Ersatz f\u00fcr den Weltstar Theo Hernandez gehandelt werden.<\/p>\n<p>+++ <a href=\"https:\/\/www.derwesten.de\/sport\/fussball\/borussia-moenchengladbach-noah-pesch-braunschweig-fans-id301663081.html\" rel=\"nofollow noopener\" target=\"_blank\">Begeht Borussia M\u00f6nchengladbach einen gro\u00dfen Fehler? Fans k\u00f6nnen es nicht fassen <\/a>+++<\/p>\n<p>Hernandez steht bei der AC Mailand zum Verkauf. Sein Vertrag l\u00e4uft zwar noch bis 2026, doch eine Verl\u00e4ngerung ist auch aus finanziellen Gr\u00fcnden nicht in Sicht. Hinzu kommt, dass seine \u00c4ra bei den Rossoneri nach einer katastrophalen letzten Saison als beendet gilt. F\u00fcr 25-30 Millionen Euro soll es den Franzosen angeblich zu Al-Hilal nach Saudi-Arabien ziehen. Und Netz k\u00f6nnte dann wohl in seine Fu\u00dfstapfen treten.<\/p>\n<p><strong>Irre Abl\u00f6sesumme im Gespr\u00e4ch<\/strong><\/p>\n<p>Dem Bericht zufolge steht eine Abl\u00f6sesumme von 12 bis 14 Millionen Euro im Raum \u2013 eine irre Summe f\u00fcr einen Spieler, der bei den Fohlen zuletzt meist nur als Joker eingesetzt wurde. Der 22-J\u00e4hrige musste in der vergangenen Saison seinen Stammplatz an Lukas Ullrich abgeben. Sollte Ullrich bleiben, ist davon auszugehen, dass Netz auch in der kommenden Saison nur eine untergeordnete Rolle spielen wird.<\/p>\n<p>Hier mehr News f\u00fcr dich:<\/p>\n<p>F\u00fcr Borussia M\u00f6nchengladbach w\u00e4re der Verkauf von Netz ein Geldregen, der ihnen dringend ben\u00f6tigte Spielr\u00e4ume <a href=\"https:\/\/www.derwesten.de\/sport\/fussball\/borussia-moenchengladbach-rashica-transfer-bundesliga-id301624773.html\" rel=\"nofollow noopener\" target=\"_blank\">auf dem Transfermarkt <\/a>er\u00f6ffnen k\u00f6nnte. Ob die AC Mailand jedoch tats\u00e4chlich in Netz den idealen Nachfolger f\u00fcr einen Star wie  Hernandez sieht, bleibt abzuwarten.<\/p>\n","protected":false},"excerpt":{"rendered":"Sehns\u00fcchtig wartet man bei Borussia M\u00f6nchengladbach auf Abg\u00e4nge. W\u00e4hrend die Konkurrenz bereits den Transfermarkt durchforstet und neue Verst\u00e4rkungen&hellip;\n","protected":false},"author":2,"featured_media":250726,"comment_status":"","ping_status":"","sticky":false,"template":"","format":"standard","meta":{"footnotes":""},"categories":[1849],"tags":[815,3364,29,548,663,3934,30,13,4455,14,15,1209,12],"class_list":{"0":"post-250725","1":"post","2":"type-post","3":"status-publish","4":"format-standard","5":"has-post-thumbnail","7":"category-moenchengladbach","8":"tag-borussia-moenchengladbach","9":"tag-de","10":"tag-deutschland","11":"tag-eu","12":"tag-europa","13":"tag-europe","14":"tag-germany","15":"tag-headlines","16":"tag-moenchengladbach","17":"tag-nachrichten","18":"tag-news","19":"tag-nordrhein-westfalen","20":"tag-schlagzeilen"},"share_on_mastodon":{"url":"https:\/\/pubeurope.com\/@de\/114814978929197781","error":""},"_links":{"self":[{"href":"https:\/\/www.europesays.com\/de\/wp-json\/wp\/v2\/posts\/250725","targetHints":{"allow":["GET"]}}],"collection":[{"href":"https:\/\/www.europesays.com\/de\/wp-json\/wp\/v2\/posts"}],"about":[{"href":"https:\/\/www.europesays.com\/de\/wp-json\/wp\/v2\/types\/post"}],"author":[{"embeddable":true,"href":"https:\/\/www.europesays.com\/de\/wp-json\/wp\/v2\/users\/2"}],"replies":[{"embeddable":true,"href":"https:\/\/www.europesays.com\/de\/wp-json\/wp\/v2\/comments?post=250725"}],"version-history":[{"count":0,"href":"https:\/\/www.europesays.com\/de\/wp-json\/wp\/v2\/posts\/250725\/revisions"}],"wp:featuredmedia":[{"embeddable":true,"href":"https:\/\/www.europesays.com\/de\/wp-json\/wp\/v2\/media\/250726"}],"wp:attachment":[{"href":"https:\/\/www.europesays.com\/de\/wp-json\/wp\/v2\/media?parent=250725"}],"wp:term":[{"taxonomy":"category","embeddable":true,"href":"https:\/\/www.europesays.com\/de\/wp-json\/wp\/v2\/categories?post=250725"},{"taxonomy":"post_tag","embeddable":true,"href":"https:\/\/www.europesays.com\/de\/wp-json\/wp\/v2\/tags?post=250725"}],"curies":[{"name":"wp","href":"https:\/\/api.w.org\/{rel}","templated":true}]}}